{"id":85,"date":"2025-02-03T16:11:12","date_gmt":"2025-02-03T22:11:12","guid":{"rendered":"https:\/\/euro.artereciclada.com.br\/?p=85"},"modified":"2025-02-04T12:29:01","modified_gmt":"2025-02-04T18:29:01","slug":"hair-trends-in-europe-the-most-popular-cuts-colors-and-styles","status":"publish","type":"post","link":"https:\/\/euro.artereciclada.com.br\/de\/beauty-care\/hair-trends-in-europe-the-most-popular-cuts-colors-and-styles\/","title":{"rendered":"Haartrends in Europa: Die beliebtesten Schnitte, Farben und Stile"},"content":{"rendered":"<p>Europa ist die Heimat einiger der vielf\u00e4ltigsten und <strong>innovative Haartrends<\/strong>Jedes Land bringt seine eigene Note in die sich st\u00e4ndig weiterentwickelnde Welt der Haarmode ein. Von <strong>schicke Pariser Schnitte<\/strong> bis hin zu den k\u00fchnen und verspielten Stilen in London und Mailand sind die europ\u00e4ischen Frauen und M\u00e4nner weiterhin f\u00fchrend, wenn es um die <strong>kreative Haarschnitte<\/strong>, <strong>kr\u00e4ftige Farben<\/strong>und <strong>zeitlose Stile<\/strong>.<\/p>\n\n\n\n<p>Unter <strong>Euro Art<\/strong>werfen wir einen genaueren Blick auf die wichtigsten <strong>beliebte Haarschnitte, Farben<\/strong>und <strong>Stile<\/strong> die die europ\u00e4ischen Sch\u00f6nheitsstandards definieren. Ganz gleich, ob Sie auf der Suche nach einem <strong>frischer Schnitt<\/strong>, <strong>kr\u00e4ftige neue Farbe<\/strong>Dieser Leitfaden soll Ihnen helfen, sich von den neuesten europ\u00e4ischen Trends inspirieren zu lassen, wenn Sie einen neuen Stil suchen.<\/p>\n\n\n\n<hr class=\"wp-block-separator has-alpha-channel-opacity\"\/>\n\n\n\n<h2 class=\"wp-block-heading\"><strong>1. Die beliebtesten Haarschnitte in Europa<\/strong><\/h2>\n\n\n\n<h3 class=\"wp-block-heading\"><strong>Stumpfer Bob: Pariser Chic<\/strong><\/h3>\n\n\n\n<p>Die <strong>Stummelbob<\/strong> regiert weiterhin als <strong>klassischer und zeitloser Haarschnitt<\/strong>. Popul\u00e4r gemacht durch <strong>ikonische Pariser Frauen<\/strong>Dieser gerade geschnittene Stil ist f\u00fcr seine Eleganz und Raffinesse bekannt. Es ist ein vielseitiger Look, der sowohl f\u00fcr <strong>feines und dickes Haar<\/strong> und kann an verschiedene Gesichtsformen angepasst werden.<\/p>\n\n\n\n<h4 class=\"wp-block-heading\"><strong>Warum es so beliebt ist:<\/strong><\/h4>\n\n\n\n<ul class=\"wp-block-list\">\n<li>Die <strong>gerade, scharfe Linien<\/strong> strahlen Eleganz aus und setzen ein klares Zeichen.<\/li>\n\n\n\n<li>Es ist <strong>geringer Wartungsaufwand<\/strong> sieht aber immer gut aus.<\/li>\n\n\n\n<li>Ideal f\u00fcr diejenigen, die eine <strong>sauberes, modernes Aussehen<\/strong> ohne \u00fcberm\u00e4\u00dfige Schichten.<\/li>\n<\/ul>\n\n\n\n<h4 class=\"wp-block-heading\"><strong>Ber\u00fchmte Inspiration:<\/strong><\/h4>\n\n\n\n<ul class=\"wp-block-list\">\n<li><strong>Alexa Chung<\/strong> und <strong>Victoria Beckham<\/strong> haben diesen Stil getragen und damit seine Vielseitigkeit unter Beweis gestellt.<\/li>\n<\/ul>\n\n\n\n<hr class=\"wp-block-separator has-alpha-channel-opacity\"\/>\n\n\n\n<h3 class=\"wp-block-heading\"><strong>Der Zottelschnitt: Moderne Kante<\/strong><\/h3>\n\n\n\n<p>Die <strong>Zottelschnitt<\/strong> ist eine spielerische, <strong>geschichteter Stil<\/strong> das Textur und Volumen bietet. Beliebt in <strong>Skandinavien<\/strong> und <strong>London<\/strong>Der Zottelschnitt ist ideal f\u00fcr diejenigen, die eine Frisur wollen, die sowohl <strong>kantig<\/strong> und <strong>leicht zu pflegen<\/strong>. Er eignet sich sowohl f\u00fcr kurzes als auch f\u00fcr langes Haar und kann mit nat\u00fcrlichen Wellen f\u00fcr einen unbeschwerten, m\u00fchelosen Look gestylt werden.<\/p>\n\n\n\n<h4 class=\"wp-block-heading\"><strong>Warum es so beliebt ist:<\/strong><\/h4>\n\n\n\n<ul class=\"wp-block-list\">\n<li>Sie f\u00fcgt hinzu <strong>Band<\/strong> und <strong>Bewegung<\/strong> ohne \u00fcberm\u00e4\u00dfig strukturiert zu sein.<\/li>\n\n\n\n<li>Perfekt f\u00fcr <strong>gewelltes oder lockiges Haar<\/strong>.<\/li>\n\n\n\n<li>A <strong>mutige, trendige Wahl<\/strong> das eine Aussage macht.<\/li>\n<\/ul>\n\n\n\n<h4 class=\"wp-block-heading\"><strong>Ber\u00fchmte Inspiration:<\/strong><\/h4>\n\n\n\n<ul class=\"wp-block-list\">\n<li><strong>Charlize Theron<\/strong> und <strong>Lily Collins<\/strong> haben den Zottel wegen seiner <strong>Rockige Atmosph\u00e4re<\/strong>.<\/li>\n<\/ul>\n\n\n\n<hr class=\"wp-block-separator has-alpha-channel-opacity\"\/>\n\n\n\n<h3 class=\"wp-block-heading\"><strong>Der Pixie-Schnitt: K\u00fchn und feminin<\/strong><\/h3>\n\n\n\n<p>Die <strong>Kurzhaarschnitt<\/strong> ist nach wie vor eine der wichtigsten <strong>ikonische Kurzhaarfrisuren<\/strong> in Europa, insbesondere in St\u00e4dten wie <strong>Paris<\/strong> und <strong>Berlin<\/strong>. Bekannt f\u00fcr seine <strong>feminine und doch k\u00fchne Ausstrahlung<\/strong>Der Pixie-Cut ist ein Statement-Haarschnitt, der Selbstvertrauen und Liebe zur Einfachheit erfordert. Er ist besonders beliebt in <strong>st\u00e4dtische Gebiete<\/strong>, wo modebewusste Menschen die kurze Hose lieben, <strong>strukturierter Look<\/strong>.<\/p>\n\n\n\n<h4 class=\"wp-block-heading\"><strong>Warum es so beliebt ist:<\/strong><\/h4>\n\n\n\n<ul class=\"wp-block-list\">\n<li>Es ist ein <strong>gewagte Entscheidung<\/strong> f\u00fcr diejenigen, die sich von den traditionellen langen Haaren l\u00f6sen wollen.<\/li>\n\n\n\n<li>Es ist <strong>vielseitig<\/strong>-kann glatt, unordentlich oder strukturiert gestylt werden.<\/li>\n\n\n\n<li>Funktioniert gut mit <strong>feines Haar<\/strong> und kann die Illusion eines gr\u00f6\u00dferen Volumens hervorrufen.<\/li>\n<\/ul>\n\n\n\n<h4 class=\"wp-block-heading\"><strong>Ber\u00fchmte Inspiration:<\/strong><\/h4>\n\n\n\n<ul class=\"wp-block-list\">\n<li><strong>Audrey Hepburn<\/strong> ist die klassische Inspiration f\u00fcr den Kurzhaarschnitt, aber auch moderne Stars wie <strong>Emma Watson<\/strong> haben ihn mit ihren schicken Varianten neu definiert.<\/li>\n<\/ul>\n\n\n\n<hr class=\"wp-block-separator has-alpha-channel-opacity\"\/>\n\n\n\n<h3 class=\"wp-block-heading\"><strong>Lange Lagen: M\u00fchelos glamour\u00f6s<\/strong><\/h3>\n\n\n\n<p>Lange, gestufte Schnitte sind in vielen europ\u00e4ischen L\u00e4ndern nach wie vor sehr beliebt, insbesondere in <strong>Italien<\/strong> und <strong>Spanien<\/strong>, wobei <strong>m\u00fcheloser Glamour<\/strong> ist der Schl\u00fcssel. Lagen verleihen langem Haar Volumen, Textur und Bewegung, was es zur ersten Wahl f\u00fcr alle macht, die gerne <strong>weiche, romantische Looks<\/strong>. Dieser Stil ist besonders schmeichelhaft f\u00fcr Menschen mit <strong>dichtes Haar<\/strong> oder diejenigen, die ein bisschen mehr wollen <strong>Volumen und Form<\/strong> ohne Abstriche bei der L\u00e4nge.<\/p>\n\n\n\n<h4 class=\"wp-block-heading\"><strong>Warum es so beliebt ist:<\/strong><\/h4>\n\n\n\n<ul class=\"wp-block-list\">\n<li><strong>Weich, feminin<\/strong> und <strong>vielseitig<\/strong>.<\/li>\n\n\n\n<li>Funktioniert gut mit <strong>nat\u00fcrliche Wellen<\/strong> oder kann f\u00fcr einen raffinierten Look glatt gestylt werden.<\/li>\n\n\n\n<li><strong>Wartungsarm<\/strong> aber m\u00fchelos schick.<\/li>\n<\/ul>\n\n\n\n<h4 class=\"wp-block-heading\"><strong>Ber\u00fchmte Inspiration:<\/strong><\/h4>\n\n\n\n<ul class=\"wp-block-list\">\n<li><strong>Gisele B\u00fcndchen<\/strong> und <strong>Blake Lively<\/strong> sind perfekte Beispiele daf\u00fcr, wie man lange Schichten auf nat\u00fcrliche, glamour\u00f6se Weise stylen kann.<\/li>\n<\/ul>\n\n\n\n<hr class=\"wp-block-separator has-alpha-channel-opacity\"\/>\n\n\n\n<h2 class=\"wp-block-heading\"><strong>2. Die beliebtesten Haarfarben in Europa<\/strong><\/h2>\n\n\n\n<h3 class=\"wp-block-heading\"><strong>Blond: Der klassische europ\u00e4ische Favorit<\/strong><\/h3>\n\n\n\n<p>Blondes Haar ist nach wie vor eine der kultigsten und begehrtesten Haarfarben in Europa, mit verschiedenen <strong>Blondt\u00f6ne<\/strong> besonders beliebt in <strong>Skandinavien<\/strong>. Von <strong>eisiges Platin<\/strong> zu <strong>warme Goldt\u00f6ne<\/strong>ist Blond weiterhin ein Favorit f\u00fcr alle, die eine <strong>helles, jugendliches Aussehen<\/strong>.<\/p>\n\n\n\n<h4 class=\"wp-block-heading\"><strong>Warum es so beliebt ist:<\/strong><\/h4>\n\n\n\n<ul class=\"wp-block-list\">\n<li><strong>Hellt den Teint auf<\/strong> und verleiht ihm Ausstrahlung.<\/li>\n\n\n\n<li>Vielseitig: kann reichen von <strong>subtile Highlights<\/strong> zu <strong>k\u00fchnes Platin<\/strong>.<\/li>\n\n\n\n<li>Funktioniert gut bei beiden <strong>kurzes und langes Haar<\/strong>.<\/li>\n<\/ul>\n\n\n\n<h4 class=\"wp-block-heading\"><strong>Ber\u00fchmte Inspiration:<\/strong><\/h4>\n\n\n\n<ul class=\"wp-block-list\">\n<li><strong>Margot Robbie<\/strong> und <strong>Blake Lively<\/strong> oft in Blondt\u00f6nen und zeigen, wie sich Blond in der Freizeit stylen l\u00e4sst. <strong>mehrere M\u00f6glichkeiten<\/strong>.<\/li>\n<\/ul>\n\n\n\n<hr class=\"wp-block-separator has-alpha-channel-opacity\"\/>\n\n\n\n<h3 class=\"wp-block-heading\"><strong>Br\u00fcnett: W\u00e4rme und Reichtum<\/strong><\/h3>\n\n\n\n<p>Reich <strong>Br\u00fcnettt\u00f6ne<\/strong>von dunkler Schokolade bis <strong>Kastanie<\/strong> und <strong>Karamell<\/strong>sind \u00fcberall beliebt <strong>Italien<\/strong> und <strong>Spanien<\/strong> f\u00fcr ihre <strong>W\u00e4rme<\/strong> und <strong>Tiefe<\/strong>. Br\u00fcnettes Haar ist bekannt f\u00fcr seine F\u00e4higkeit, einen <strong>zeitloses, anspruchsvolles Aussehen<\/strong>und passt hervorragend zu beiden <strong>warme und k\u00fchle Untert\u00f6ne<\/strong>.<\/p>\n\n\n\n<h4 class=\"wp-block-heading\"><strong>Warum es so beliebt ist:<\/strong><\/h4>\n\n\n\n<ul class=\"wp-block-list\">\n<li><strong>Anspruchsvoll und elegant<\/strong>.<\/li>\n\n\n\n<li>Bietet nat\u00fcrliche Dimension und <strong>gl\u00e4nzen<\/strong>.<\/li>\n\n\n\n<li><strong>Leuchtende Farbt\u00f6ne<\/strong> wie Karamell und Honig verleihen dem Gesicht W\u00e4rme.<\/li>\n<\/ul>\n\n\n\n<h4 class=\"wp-block-heading\"><strong>Ber\u00fchmte Inspiration:<\/strong><\/h4>\n\n\n\n<ul class=\"wp-block-list\">\n<li><strong>Jennifer Lopez<\/strong> und <strong>Kendall Jenner<\/strong> sind ber\u00fchmt f\u00fcr ihre leuchtenden, gesunden br\u00fcnetten Locken.<\/li>\n<\/ul>\n\n\n\n<hr class=\"wp-block-separator has-alpha-channel-opacity\"\/>\n\n\n\n<h3 class=\"wp-block-heading\"><strong>Rot: Kr\u00e4ftig und lebhaft<\/strong><\/h3>\n\n\n\n<p>Rotes Haar ist eines der <strong>k\u00fchnste<\/strong> und die meisten <strong>gewagte Haarfarben<\/strong> in ganz Europa gesehen. Von <strong>feuriges Kupfer<\/strong> zu <strong>kastanienbraun<\/strong>rotes Haar wird oft in der <strong>Irland<\/strong>, <strong>das Vereinigte K\u00f6nigreich<\/strong>und <strong>Frankreich<\/strong>. Rot ist eine <strong>aufmerksamkeitsstarke Farbe<\/strong>Damit ist er die erste Wahl f\u00fcr alle, die ein Zeichen setzen wollen.<\/p>\n\n\n\n<h4 class=\"wp-block-heading\"><strong>Warum es so beliebt ist:<\/strong><\/h4>\n\n\n\n<ul class=\"wp-block-list\">\n<li><strong>Einzigartig und aufmerksamkeitsstark<\/strong>.<\/li>\n\n\n\n<li>F\u00fcgt  hinzu. <strong>Lebendigkeit<\/strong> und <strong>W\u00e4rme<\/strong> zu Ihrem gesamten Erscheinungsbild.<\/li>\n\n\n\n<li><strong>Passt zu einer Vielzahl von Hautt\u00f6nen<\/strong>besonders bei hellem und mittlerem Teint.<\/li>\n<\/ul>\n\n\n\n<h4 class=\"wp-block-heading\"><strong>Ber\u00fchmte Inspiration:<\/strong><\/h4>\n\n\n\n<ul class=\"wp-block-list\">\n<li><strong>Jessica Chastain<\/strong> und <strong>Emma Stone<\/strong> haben mit ihren k\u00fchnen roten Locken Trends gesetzt.<\/li>\n<\/ul>\n\n\n\n<hr class=\"wp-block-separator has-alpha-channel-opacity\"\/>\n\n\n\n<h3 class=\"wp-block-heading\"><strong>Pastellfarben: Verspielt und trendig<\/strong><\/h3>\n\n\n\n<p>In St\u00e4dten wie <strong>London<\/strong> und <strong>Berlin<\/strong>Pastellfarbene Haarfarben wie <strong>lavendel<\/strong>, <strong>mintgr\u00fcn<\/strong>und <strong>babyrosa<\/strong> sind zu einem beliebten Trend geworden, vor allem f\u00fcr diejenigen, die gerne mit Farben experimentieren. Diese Farbt\u00f6ne sind Teil einer mehr <strong>experimentell<\/strong> Europ\u00e4ischer Trend, der Kreativit\u00e4t und <strong>individueller Ausdruck<\/strong>.<\/p>\n\n\n\n<h4 class=\"wp-block-heading\"><strong>Warum es so beliebt ist:<\/strong><\/h4>\n\n\n\n<ul class=\"wp-block-list\">\n<li><strong>Lustig, verspielt und frech<\/strong>.<\/li>\n\n\n\n<li>Ideal f\u00fcr diejenigen, die etwas ausprobieren m\u00f6chten <strong>unkonventionell<\/strong>.<\/li>\n\n\n\n<li>Funktioniert gut bei beiden <strong>Kurz- und Langhaarfrisuren<\/strong>.<\/li>\n<\/ul>\n\n\n\n<h4 class=\"wp-block-heading\"><strong>Ber\u00fchmte Inspiration:<\/strong><\/h4>\n\n\n\n<ul class=\"wp-block-list\">\n<li><strong>Billie Eilish<\/strong> und <strong>Kylie Jenner<\/strong> haben sich f\u00fcr Pastellt\u00f6ne entschieden und damit die Vielseitigkeit dieses Trends unter Beweis gestellt.<\/li>\n<\/ul>\n\n\n\n<hr class=\"wp-block-separator has-alpha-channel-opacity\"\/>\n\n\n\n<h2 class=\"wp-block-heading\"><strong>3. Die beliebtesten Frisuren in Europa<\/strong><\/h2>\n\n\n\n<h3 class=\"wp-block-heading\"><strong>Nat\u00fcrliche Wellen: M\u00fchelos stilvoll<\/strong><\/h3>\n\n\n\n<p>Nat\u00fcrliche Wellen sind in den europ\u00e4ischen L\u00e4ndern sehr beliebt und <strong>K\u00fcstenklimata<\/strong>, wie <strong>Spanien<\/strong> und <strong>Portugal<\/strong>wo der entspannte, strandnahe Look eine Lebenseinstellung ist. <strong>Wellen am Strand<\/strong> geben dem Haar eine m\u00fchelose, <strong>strukturiertes Erscheinungsbild<\/strong>und eignen sich sowohl f\u00fcr <strong>langes und mittellanges Haar<\/strong>.<\/p>\n\n\n\n<h4 class=\"wp-block-heading\"><strong>Warum es so beliebt ist:<\/strong><\/h4>\n\n\n\n<ul class=\"wp-block-list\">\n<li>Sie schafft eine <strong>m\u00fcheloser, schicker Look<\/strong>.<\/li>\n\n\n\n<li>Perfekt f\u00fcr Menschen mit <strong>nat\u00fcrliche Textur<\/strong>.<\/li>\n\n\n\n<li><strong>Wartungsarm<\/strong> und leicht zu stylen.<\/li>\n<\/ul>\n\n\n\n<h4 class=\"wp-block-heading\"><strong>Ber\u00fchmte Inspiration:<\/strong><\/h4>\n\n\n\n<ul class=\"wp-block-list\">\n<li><strong>Gisele B\u00fcndchen<\/strong> und <strong>Bella Hadid<\/strong> werden oft beim Rocken der <strong>Beachy-Welle<\/strong> aussehen.<\/li>\n<\/ul>\n\n\n\n<hr class=\"wp-block-separator has-alpha-channel-opacity\"\/>\n\n\n\n<h3 class=\"wp-block-heading\"><strong>Schlank und gerade: Der zeitlose europ\u00e4ische Look<\/strong><\/h3>\n\n\n\n<p>Glattes, glattes Haar ist das <strong>klassischer europ\u00e4ischer Stil<\/strong> der nie aus der Mode kommt. Dieser Look, beliebt in <strong>Frankreich<\/strong> und <strong>Italien<\/strong>ist alles \u00fcber <strong>Hochglanz<\/strong> und <strong>ausgefeilte Raffinesse<\/strong>. Ein minimalistischer Look, der die <strong>gesundes, gl\u00e4nzendes Haar<\/strong>.<\/p>\n\n\n\n<h4 class=\"wp-block-heading\"><strong>Warum es so beliebt ist:<\/strong><\/h4>\n\n\n\n<ul class=\"wp-block-list\">\n<li><strong>Zeitlos, sauber und elegant<\/strong>.<\/li>\n\n\n\n<li>Perfekt f\u00fcr formelle Anl\u00e4sse oder f\u00fcr das t\u00e4gliche Tragen.<\/li>\n\n\n\n<li>Gut geeignet f\u00fcr <strong>alle Haartypen<\/strong>.<\/li>\n<\/ul>\n\n\n\n<h4 class=\"wp-block-heading\"><strong>Ber\u00fchmte Inspiration:<\/strong><\/h4>\n\n\n\n<ul class=\"wp-block-list\">\n<li><strong>Victoria Beckham<\/strong> und <strong>Kim Kardashian<\/strong> haben glatte, glatte Haare zu einem unverwechselbaren Look gemacht.<\/li>\n<\/ul>\n\n\n\n<hr class=\"wp-block-separator has-alpha-channel-opacity\"\/>\n\n\n\n<h2 class=\"wp-block-heading\"><strong>Schlussfolgerung: Europ\u00e4ische Haartrends - Vielfalt und Innovation im Blick<\/strong><\/h2>\n\n\n\n<p>Die Haartrends in Europa sind unglaublich vielf\u00e4ltig und spiegeln die reiche kulturelle Landschaft des Kontinents und die st\u00e4ndige Weiterentwicklung der Sch\u00f6nheitsstandards wider. Ob Sie lieber <strong>klassische Bobs<\/strong> oder <strong>kr\u00e4ftige Pastellt\u00f6ne<\/strong>Die europ\u00e4ische Haarszene bietet f\u00fcr jeden etwas. Von <strong>luxuri\u00f6se Br\u00fcnetten<\/strong> zu <strong>lebhafte Rotsch\u00f6pfe<\/strong> und die <strong>m\u00fcheloser franz\u00f6sischer Bob<\/strong>Diese Stile zeigen, dass es bei der europ\u00e4ischen Sch\u00f6nheit vor allem um <strong>Selbstdarstellung<\/strong>, <strong>Vertrauen<\/strong>und einem Hauch von <strong>pers\u00f6nliches Flair<\/strong>.<\/p>\n\n\n\n<p>Zur Inspiration f\u00fcr die <strong>neueste Frisuren<\/strong>, <strong>Farben<\/strong>und <strong>Stile<\/strong> in ganz Europa, bleiben Sie dran an <strong><a href=\"https:\/\/euro.artereciclada.com.br\/de\/\">Euro Art<\/a><\/strong> oder erreichen Sie uns unter <strong><a href=\"mailto:contact@setorreciclagem.com.br\">contact@setorreciclagem.com.br<\/a><\/strong>!<\/p>","protected":false},"excerpt":{"rendered":"<p>Europe is home to some of the most diverse and innovative hair trends, with each country contributing its own unique touch to the ever-evolving world of hair fashion. From chic Parisian cuts to the bold and playful styles seen in London and Milan, European women and men continue to lead the way when it comes [&hellip;]<\/p>","protected":false},"author":5,"featured_media":110,"comment_status":"open","ping_status":"open","sticky":false,"template":"","format":"standard","meta":{"footnotes":""},"categories":[6],"tags":[],"class_list":["post-85","post","type-post","status-publish","format-standard","has-post-thumbnail","hentry","category-beauty-care"],"blocksy_meta":[],"_links":{"self":[{"href":"https:\/\/euro.artereciclada.com.br\/de\/wp-json\/wp\/v2\/posts\/85","targetHints":{"allow":["GET"]}}],"collection":[{"href":"https:\/\/euro.artereciclada.com.br\/de\/wp-json\/wp\/v2\/posts"}],"about":[{"href":"https:\/\/euro.artereciclada.com.br\/de\/wp-json\/wp\/v2\/types\/post"}],"author":[{"embeddable":true,"href":"https:\/\/euro.artereciclada.com.br\/de\/wp-json\/wp\/v2\/users\/5"}],"replies":[{"embeddable":true,"href":"https:\/\/euro.artereciclada.com.br\/de\/wp-json\/wp\/v2\/comments?post=85"}],"version-history":[{"count":1,"href":"https:\/\/euro.artereciclada.com.br\/de\/wp-json\/wp\/v2\/posts\/85\/revisions"}],"predecessor-version":[{"id":86,"href":"https:\/\/euro.artereciclada.com.br\/de\/wp-json\/wp\/v2\/posts\/85\/revisions\/86"}],"wp:featuredmedia":[{"embeddable":true,"href":"https:\/\/euro.artereciclada.com.br\/de\/wp-json\/wp\/v2\/media\/110"}],"wp:attachment":[{"href":"https:\/\/euro.artereciclada.com.br\/de\/wp-json\/wp\/v2\/media?parent=85"}],"wp:term":[{"taxonomy":"category","embeddable":true,"href":"https:\/\/euro.artereciclada.com.br\/de\/wp-json\/wp\/v2\/categories?post=85"},{"taxonomy":"post_tag","embeddable":true,"href":"https:\/\/euro.artereciclada.com.br\/de\/wp-json\/wp\/v2\/tags?post=85"}],"curies":[{"name":"wp","href":"https:\/\/api.w.org\/{rel}","templated":true}]}}