{"id":77,"date":"2025-02-03T15:57:08","date_gmt":"2025-02-03T21:57:08","guid":{"rendered":"https:\/\/euro.artereciclada.com.br\/?p=77"},"modified":"2025-02-04T12:52:19","modified_gmt":"2025-02-04T18:52:19","slug":"fashion-week-insights-analysis-of-european-runway-shows","status":"publish","type":"post","link":"https:\/\/euro.artereciclada.com.br\/es\/trends\/fashion-week-insights-analysis-of-european-runway-shows\/","title":{"rendered":"Fashion Week Insights: An\u00e1lisis de los desfiles europeos"},"content":{"rendered":"<p>Las Semanas de la Moda de toda Europa marcan la pauta de las tendencias de la moda mundial, mostrando <strong>dise\u00f1os vanguardistas, creatividad rompedora y fusi\u00f3n de patrimonio y modernidad<\/strong>. Desde la opulencia de <strong>Semana de la Alta Costura de Par\u00eds<\/strong> a la est\u00e9tica experimental de <strong>Semana de la Moda de Londres<\/strong>Cada temporada de pasarelas aporta una nueva narrativa de estilo, sostenibilidad y cambios culturales.<\/p>\n\n\n\n<p>En <strong>Euro Arte<\/strong>analizamos detenidamente <strong>los \u00faltimos desfiles de moda europeos<\/strong>en el que se analizan las principales tendencias, las colecciones m\u00e1s destacadas y los temas emergentes que configuran el sector.<\/p>\n\n\n\n<hr class=\"wp-block-separator has-alpha-channel-opacity\"\/>\n\n\n\n<h2 class=\"wp-block-heading\"><strong>1. La Semana de la Moda de Par\u00eds: El ep\u00edtome de la elegancia y la innovaci\u00f3n<\/strong><\/h2>\n\n\n\n<h3 class=\"wp-block-heading\"><strong>Aspectos m\u00e1s destacados<\/strong><\/h3>\n\n\n\n<p>La Semana de la Moda de Par\u00eds (PFW) sigue siendo la <strong>el acontecimiento m\u00e1s prestigioso del calendario de la moda<\/strong>con casas de lujo como <strong>Chanel, Dior, Louis Vuitton y Balenciaga<\/strong>as\u00ed como dise\u00f1adores de vanguardia que redefinen el futuro de la moda.<\/p>\n\n\n\n<h4 class=\"wp-block-heading\"><strong>Tendencias de la Semana de la Moda de Par\u00eds<\/strong><\/h4>\n\n\n\n<p>\u2714 <strong>Minimalismo de alta costura<\/strong> - Una vuelta a las siluetas limpias, la sastrer\u00eda estructurada y las paletas monocrom\u00e1ticas.<br>\u2714 <strong>Renacimiento de las t\u00e9cnicas de costura<\/strong> - Los dise\u00f1adores apuestan por los bordados intrincados, los drapeados espectaculares y los adornos artesanales.<br>\u2714 <strong>Romance g\u00f3tico<\/strong> - Est\u00e9tica oscura y malhumorada con encajes, terciopelo y corseter\u00eda.<br>\u2714 <strong>Formas escult\u00f3ricas y piezas de gran tama\u00f1o<\/strong> - Proporciones exageradas en prendas exteriores y de noche.<br>\u2714 <strong>Lujo sostenible<\/strong> - Alta costura reciclada y materiales ecol\u00f3gicos innovadores.<\/p>\n\n\n\n<h4 class=\"wp-block-heading\"><strong>Colecciones destacadas<\/strong><\/h4>\n\n\n\n<p>\ud83d\udd25 <strong>Balenciaga<\/strong> - Present\u00f3 una visi\u00f3n dist\u00f3pica y futurista de la alta costura, con <strong>sastrer\u00eda sobredimensionada y capas experimentales<\/strong>.<br>\ud83d\udd25 <strong>Dior<\/strong> - Centrado en <strong>feminidad cl\u00e1sica con corseter\u00eda estructurada y vestidos vaporosos y et\u00e9reos<\/strong>.<br>\ud83d\udd25 <strong>Schiaparelli<\/strong> - Dominados por el surrealismo, los detalles escult\u00f3ricos en oro y las atrevidas siluetas vanguardistas.<br>\ud83d\udd25 <strong>Loewe<\/strong> - Explorado <strong>lo absurdo en la moda<\/strong>con abrigos escult\u00f3ricos y texturas impresas hiperrealistas.<\/p>\n\n\n\n<h3 class=\"wp-block-heading\"><strong>An\u00e1lisis de la Semana de la Moda de Par\u00eds<\/strong><\/h3>\n\n\n\n<p>Par\u00eds sigue siendo el <strong>epicentro de refinamiento e innovaci\u00f3n<\/strong>, equilibrando <strong>lujo atemporal con provocaciones modernas<\/strong>. El reciente cambio hacia <strong>artesan\u00eda y sostenibilidad<\/strong> destaca una creciente <strong>demanda de lujo consciente<\/strong>.<\/p>\n\n\n\n<hr class=\"wp-block-separator has-alpha-channel-opacity\"\/>\n\n\n\n<h2 class=\"wp-block-heading\"><strong>2. Semana de la Moda de Mil\u00e1n: Una celebraci\u00f3n del glamour italiano<\/strong><\/h2>\n\n\n\n<h3 class=\"wp-block-heading\"><strong>Aspectos m\u00e1s destacados<\/strong><\/h3>\n\n\n\n<p>La Semana de la Moda de Mil\u00e1n (MFW) es donde <strong>la moda m\u00e1s atrevida se une a una sastrer\u00eda impecable<\/strong>con potencias como <strong>Prada, Gucci, Versace y Fendi<\/strong>.<\/p>\n\n\n\n<h4 class=\"wp-block-heading\"><strong>Tendencias de la Semana de la Moda de Mil\u00e1n<\/strong><\/h4>\n\n\n\n<p>\u2714 <strong>Renacimiento retro<\/strong> - Influencias de los a\u00f1os 70 y 90 en paletas de colores, estampados y siluetas.<br>\u2714 <strong>Elegancia maximalista<\/strong> - Estampados vibrantes, adornos espectaculares y <strong>el lujo se une a la ropa de calle<\/strong>.<br>\u2714 <strong>Dominio del cuero<\/strong> - El cuero luce en <strong>gabardinas, vestidos y sastrer\u00eda estructurada<\/strong>.<br>\u2714 <strong>Fluidez de g\u00e9nero<\/strong> - Una mezcla de <strong>elementos masculinos y femeninos<\/strong>promoviendo el estilo andr\u00f3gino.<br>\u2714 <strong>Accesorios de alto impacto<\/strong> - Gafas de sol de gran tama\u00f1o, cinturones llamativos y joyas esculturales.<\/p>\n\n\n\n<h4 class=\"wp-block-heading\"><strong>Colecciones destacadas<\/strong><\/h4>\n\n\n\n<p>\ud83d\udd25 <strong>Prada<\/strong> - Entregado un <strong>mezcla de minimalismo futurista y sastrer\u00eda estructurada<\/strong>haciendo hincapi\u00e9 en <strong>tejidos recubiertos y siluetas escult\u00f3ricas<\/strong>.<br>\ud83d\udd25 <strong>Versace<\/strong> - Celebrado <strong>estampados atrevidos, colores vibrantes y sensualidad<\/strong>reintroduciendo <strong>Energ\u00eda de supermodelo de los 90<\/strong>.<br>\ud83d\udd25 <strong>Gucci<\/strong> - Contin\u00faa su <strong>est\u00e9tica ecl\u00e9ctica<\/strong>mezcla <strong>inspiraciones vintage con peculiaridades modernas<\/strong>.<br>\ud83d\udd25 <strong>Fendi<\/strong> - Centrado en <strong>lujo elegante y discreto<\/strong>con <strong>tonos neutros, sastrer\u00eda de precisi\u00f3n y tejidos fluidos<\/strong>.<\/p>\n\n\n\n<h3 class=\"wp-block-heading\"><strong>An\u00e1lisis de la Semana de la Moda de Mil\u00e1n<\/strong><\/h3>\n\n\n\n<p>Mil\u00e1n demuestra <strong>La moda italiana es intemporal<\/strong>destacando en <strong>artesan\u00eda de lujo y un vestir vibrante y seguro<\/strong>. La vuelta a <strong>maximalismo audaz y colorista<\/strong> se aleja del minimalismo para acercarse al <strong>moda expresiva y creativa<\/strong>.<\/p>\n\n\n\n<hr class=\"wp-block-separator has-alpha-channel-opacity\"\/>\n\n\n\n<h2 class=\"wp-block-heading\"><strong>3. Semana de la Moda de Londres: El patio de recreo de la moda experimental<\/strong><\/h2>\n\n\n\n<h3 class=\"wp-block-heading\"><strong>Aspectos m\u00e1s destacados<\/strong><\/h3>\n\n\n\n<p>La Semana de la Moda de Londres (LFW) es conocida por <strong>superando los l\u00edmites, defendiendo a los j\u00f3venes dise\u00f1adores y combinando las subculturas underground con la alta costura.<\/strong>.<\/p>\n\n\n\n<h4 class=\"wp-block-heading\"><strong>Tendencias de la Semana de la Moda de Londres<\/strong><\/h4>\n\n\n\n<p>\u2714 <strong>Sastrer\u00eda deconstruida<\/strong> - Asimetr\u00eda, costuras inacabadas y cortes afilados.<br>\u2714 <strong>Dise\u00f1os andr\u00f3ginos y de g\u00e9nero fluido<\/strong> - Siluetas no binarias con proporciones atrevidas.<br>\u2714 <strong>Renacimiento del punk<\/strong> - Cadenas, pinchos, cuero y elementos callejeros rebeldes.<br>\u2714 <strong>Ropa de calle oversize<\/strong> - Ajustes amplios, prendas exteriores exageradas y capas exageradas.<br>\u2714 <strong>Texturas y estampados divertidos<\/strong> - Abrigos de pelo, tejidos metalizados y atrevidos motivos florales.<\/p>\n\n\n\n<h4 class=\"wp-block-heading\"><strong>Colecciones destacadas<\/strong><\/h4>\n\n\n\n<p>\ud83d\udd25 <strong>Burberry<\/strong> - Mostrado <strong>elegancia brit\u00e1nica moderna con tejidos t\u00e9cnicos y prendas de abrigo estructuradas<\/strong>.<br>\ud83d\udd25 <strong>JW Anderson<\/strong> - Jugado con <strong>dise\u00f1os escult\u00f3ricos, elementos surrealistas y materiales inesperados<\/strong>.<br>\ud83d\udd25 <strong>Simone Rocha<\/strong> - Entregado <strong>est\u00e9tica punk rom\u00e1ntica con volantes, encajes y capas utilitarias<\/strong>.<br>\ud83d\udd25 <strong>Richard Quinn<\/strong> - Creado <strong>dram\u00e1ticos vestidos florales mezclados con l\u00e1tex de alto brillo<\/strong> para un look futurista y femenino a la vez.<\/p>\n\n\n\n<h3 class=\"wp-block-heading\"><strong>An\u00e1lisis de la Semana de la Moda de Londres<\/strong><\/h3>\n\n\n\n<p>Londres sigue a la cabeza <strong>experimentaci\u00f3n con la moda<\/strong>abrazando <strong>creatividad sin miedo, fluidez y est\u00e9tica no convencional<\/strong>. El \u00e9nfasis en <strong>cultura juvenil y dise\u00f1os innovadores<\/strong> demuestra la condici\u00f3n de Londres como <strong>laboratorio de moda<\/strong>.<\/p>\n\n\n\n<hr class=\"wp-block-separator has-alpha-channel-opacity\"\/>\n\n\n\n<h2 class=\"wp-block-heading\"><strong>4. Semana de la Moda de Copenhague: El futuro de la moda sostenible<\/strong><\/h2>\n\n\n\n<h3 class=\"wp-block-heading\"><strong>Aspectos m\u00e1s destacados<\/strong><\/h3>\n\n\n\n<p>La Semana de la Moda de Copenhague (CPHFW) est\u00e1 ganando reconocimiento mundial por <strong>defender la moda sostenible, la est\u00e9tica minimalista y la funcionalidad escandinava<\/strong>.<\/p>\n\n\n\n<h4 class=\"wp-block-heading\"><strong>Tendencias de la Semana de la Moda de Copenhague<\/strong><\/h4>\n\n\n\n<p>\u2714 <strong>Siluetas relajadas y oversize<\/strong> - El dise\u00f1o orientado a la comodidad se combina con la sastrer\u00eda de vanguardia.<br>\u2714 <strong>Tonos terrosos y apagados<\/strong> - Tonos neutros y c\u00e1lidos con toques ocasionales de colores vivos.<br>\u2714 <strong>Materiales ecol\u00f3gicos<\/strong> - Algod\u00f3n org\u00e1nico, cuero vegano y producci\u00f3n con cero residuos.<br>\u2714 <strong>Elegancia deportiva<\/strong> - Una fusi\u00f3n de <strong>athleisure con elementos estructurados<\/strong>.<br>\u2714 <strong>Simplicidad en capas<\/strong> - Est\u00e9tica limpia con capas pr\u00e1cticas para una moda sin temporadas.<\/p>\n\n\n\n<h4 class=\"wp-block-heading\"><strong>Colecciones destacadas<\/strong><\/h4>\n\n\n\n<p>\ud83d\udd25 <strong>Ganni<\/strong> - Dirigido con <strong>estampados alegres, tejidos reciclados y feminidad sin esfuerzo<\/strong>.<br>\ud83d\udd25 <strong>Baum und Pferdgarten<\/strong> - Mezclado <strong>minimalismo escandinavo cl\u00e1sico con estampados atrevidos y modernos<\/strong>.<br>\ud83d\udd25 <strong>Stine Goya<\/strong> - Centrado en <strong>colores vibrantes y siluetas experimentales<\/strong>.<br>\ud83d\udd25 <strong>Saks Potts<\/strong> - Reinventado <strong>abrigos y sastrer\u00eda cl\u00e1sicos con elegancia contempor\u00e1nea<\/strong>.<\/p>\n\n\n\n<h3 class=\"wp-block-heading\"><strong>An\u00e1lisis de la Semana de la Moda de Copenhague<\/strong><\/h3>\n\n\n\n<p>Copenhague sigue siendo <strong>l\u00edder en moda sostenible y funcional<\/strong>demostrando que <strong>la ropa ecol\u00f3gica puede ser a la vez elegante y pr\u00e1ctica<\/strong>. El predominio de <strong>sastrer\u00eda neutra y relajada y tejidos sostenibles<\/strong> se\u00f1ala un cambio hacia <strong>moda duradera y responsable<\/strong>.<\/p>\n\n\n\n<hr class=\"wp-block-separator has-alpha-channel-opacity\"\/>\n\n\n\n<h2 class=\"wp-block-heading\"><strong>Conclusiones: El impacto de las Semanas de la Moda europeas<\/strong><\/h2>\n\n\n\n<p>Las Semanas de la Moda europeas siguen definiendo <strong>el futuro del estilo global<\/strong>destacando movimientos clave como:<\/p>\n\n\n\n<p>\u2705 <strong>El retorno de la artesan\u00eda<\/strong> - Los dise\u00f1adores est\u00e1n adoptando t\u00e9cnicas de alta costura y materiales de alta calidad.<br>\u2705 <strong>La sostenibilidad como nueva norma<\/strong> - El cambio hacia <strong>moda ecol\u00f3gica y circular<\/strong> es innegable.<br>\u2705 <strong>La fusi\u00f3n del lujo y la ropa de calle<\/strong> - La alta costura est\u00e1 cada vez m\u00e1s influenciada por la cultura urbana y juvenil.<br>\u2705 <strong>Fluidez e inclusi\u00f3n de g\u00e9nero<\/strong> - Los dise\u00f1adores est\u00e1n rompiendo fronteras en <strong>siluetas, representaci\u00f3n e identidad<\/strong>.<br>\u2705 <strong>Transformaci\u00f3n digital<\/strong> - El papel de <strong>desfiles de moda virtuales, RA y NFT<\/strong> en la configuraci\u00f3n de la moda moderna.<\/p>\n\n\n\n<p>En <strong>Euro Arte<\/strong>seguimos explorando <strong>la evoluci\u00f3n de la moda europea<\/strong>aportando ideas de la <strong>de la pista a la calle<\/strong>.<\/p>\n\n\n\n<p><strong>\u00bfQu\u00e9 Semana de la Moda le ha inspirado m\u00e1s?<\/strong> Mant\u00e9ngase al d\u00eda de las \u00faltimas tendencias de la moda europea en <strong><a href=\"https:\/\/euro.artereciclada.com.br\/es\/\">Euro Arte<\/a><\/strong> o p\u00f3ngase en contacto con nosotros en <strong><a href=\"mailto:contact@setorreciclagem.com.br\">contact@setorreciclagem.com.br<\/a><\/strong>.<\/p>\n\n\n\n<p><\/p>","protected":false},"excerpt":{"rendered":"<p>Fashion Weeks across Europe set the tone for global fashion trends, showcasing cutting-edge designs, groundbreaking creativity, and the fusion of heritage with modernity. From the opulence of Paris Haute Couture Week to the experimental aesthetics of London Fashion Week, each runway season brings forth a new narrative in style, sustainability, and cultural shifts. At Euro [&hellip;]<\/p>","protected":false},"author":5,"featured_media":114,"comment_status":"open","ping_status":"open","sticky":false,"template":"","format":"standard","meta":{"footnotes":""},"categories":[5],"tags":[],"class_list":["post-77","post","type-post","status-publish","format-standard","has-post-thumbnail","hentry","category-trends"],"blocksy_meta":[],"_links":{"self":[{"href":"https:\/\/euro.artereciclada.com.br\/es\/wp-json\/wp\/v2\/posts\/77","targetHints":{"allow":["GET"]}}],"collection":[{"href":"https:\/\/euro.artereciclada.com.br\/es\/wp-json\/wp\/v2\/posts"}],"about":[{"href":"https:\/\/euro.artereciclada.com.br\/es\/wp-json\/wp\/v2\/types\/post"}],"author":[{"embeddable":true,"href":"https:\/\/euro.artereciclada.com.br\/es\/wp-json\/wp\/v2\/users\/5"}],"replies":[{"embeddable":true,"href":"https:\/\/euro.artereciclada.com.br\/es\/wp-json\/wp\/v2\/comments?post=77"}],"version-history":[{"count":1,"href":"https:\/\/euro.artereciclada.com.br\/es\/wp-json\/wp\/v2\/posts\/77\/revisions"}],"predecessor-version":[{"id":78,"href":"https:\/\/euro.artereciclada.com.br\/es\/wp-json\/wp\/v2\/posts\/77\/revisions\/78"}],"wp:featuredmedia":[{"embeddable":true,"href":"https:\/\/euro.artereciclada.com.br\/es\/wp-json\/wp\/v2\/media\/114"}],"wp:attachment":[{"href":"https:\/\/euro.artereciclada.com.br\/es\/wp-json\/wp\/v2\/media?parent=77"}],"wp:term":[{"taxonomy":"category","embeddable":true,"href":"https:\/\/euro.artereciclada.com.br\/es\/wp-json\/wp\/v2\/categories?post=77"},{"taxonomy":"post_tag","embeddable":true,"href":"https:\/\/euro.artereciclada.com.br\/es\/wp-json\/wp\/v2\/tags?post=77"}],"curies":[{"name":"wp","href":"https:\/\/api.w.org\/{rel}","templated":true}]}}