{"id":85,"date":"2025-02-03T16:11:12","date_gmt":"2025-02-03T22:11:12","guid":{"rendered":"https:\/\/euro.artereciclada.com.br\/?p=85"},"modified":"2025-02-04T12:29:01","modified_gmt":"2025-02-04T18:29:01","slug":"hair-trends-in-europe-the-most-popular-cuts-colors-and-styles","status":"publish","type":"post","link":"https:\/\/euro.artereciclada.com.br\/es\/beauty-care\/hair-trends-in-europe-the-most-popular-cuts-colors-and-styles\/","title":{"rendered":"Tendencias capilares en Europa: Los cortes, colores y estilos m\u00e1s populares"},"content":{"rendered":"<p>Europa alberga algunos de los m\u00e1s diversos y <strong>tendencias capilares innovadoras<\/strong>Cada pa\u00eds aporta su toque particular al mundo de la moda capilar, en constante evoluci\u00f3n. En <strong>cortes parisinos chic<\/strong> a los estilos atrevidos y juguetones de Londres y Mil\u00e1n, las mujeres y los hombres europeos siguen marcando la pauta en lo que se refiere a la moda. <strong>cortes de pelo creativos<\/strong>, <strong>colores vivos<\/strong>y <strong>estilos atemporales<\/strong>.<\/p>\n\n\n\n<p>En <strong>Euro Arte<\/strong>En este art\u00edculo analizamos los <strong>cortes de pelo populares, colores<\/strong>y <strong>estilos<\/strong> que est\u00e1n definiendo los c\u00e1nones de belleza europeos. Tanto si busca un <strong>reci\u00e9n cortado<\/strong>, <strong>nuevo y atrevido color<\/strong>o simplemente quiere actualizar su estilo, esta gu\u00eda le ayudar\u00e1 a inspirarse en las \u00faltimas tendencias europeas.<\/p>\n\n\n\n<hr class=\"wp-block-separator has-alpha-channel-opacity\"\/>\n\n\n\n<h2 class=\"wp-block-heading\"><strong>1. Los cortes de pelo m\u00e1s populares en Europa<\/strong><\/h2>\n\n\n\n<h3 class=\"wp-block-heading\"><strong>Bob despuntado: Chic parisino<\/strong><\/h3>\n\n\n\n<p>En <strong>bobo romo<\/strong> sigue reinando como <strong>corte de pelo cl\u00e1sico y atemporal<\/strong>. Popularizado por <strong>mujeres parisinas emblem\u00e1ticas<\/strong>Este estilo de corte recto es conocido por su elegancia y sofisticaci\u00f3n. Es un look vers\u00e1til que puede funcionar tanto para <strong>cabello fino y grueso<\/strong> y puede adaptarse a diferentes formas de cara.<\/p>\n\n\n\n<h4 class=\"wp-block-heading\"><strong>Por qu\u00e9 es popular:<\/strong><\/h4>\n\n\n\n<ul class=\"wp-block-list\">\n<li>En <strong>l\u00edneas rectas y n\u00edtidas<\/strong> irradian elegancia y son toda una declaraci\u00f3n de intenciones.<\/li>\n\n\n\n<li>Es <strong>bajo mantenimiento<\/strong> pero siempre parece arreglada.<\/li>\n\n\n\n<li>Ideal para quienes desean un <strong>aspecto limpio y moderno<\/strong> sin capas excesivas.<\/li>\n<\/ul>\n\n\n\n<h4 class=\"wp-block-heading\"><strong>Inspiraci\u00f3n de famosos:<\/strong><\/h4>\n\n\n\n<ul class=\"wp-block-list\">\n<li><strong>Alexa Chung<\/strong> y <strong>Victoria Beckham<\/strong> han lucido este estilo, demostrando su versatilidad.<\/li>\n<\/ul>\n\n\n\n<hr class=\"wp-block-separator has-alpha-channel-opacity\"\/>\n\n\n\n<h3 class=\"wp-block-heading\"><strong>El corte Shag: Borde Moderno<\/strong><\/h3>\n\n\n\n<p>En <strong>corte shag<\/strong> es un juguet\u00f3n, <strong>estilo a capas<\/strong> que ofrece textura y volumen. Popular en <strong>Escandinavia<\/strong> y <strong>Londres<\/strong>El corte rapado es ideal para quienes desean un peinado que sea a la vez <strong>vanguardista<\/strong> y <strong>f\u00e1cil de mantener<\/strong>. Queda bien tanto con el pelo corto como con el largo y se puede peinar con ondas naturales para conseguir un look desenfadado y sin esfuerzo.<\/p>\n\n\n\n<h4 class=\"wp-block-heading\"><strong>Por qu\u00e9 es popular:<\/strong><\/h4>\n\n\n\n<ul class=\"wp-block-list\">\n<li>A\u00f1ade <strong>volumen<\/strong> y <strong>movimiento<\/strong> sin estar excesivamente estructurado.<\/li>\n\n\n\n<li>Perfecto para <strong>cabello ondulado o rizado<\/strong>.<\/li>\n\n\n\n<li>A <strong>una opci\u00f3n atrevida y moderna<\/strong> que hace una declaraci\u00f3n.<\/li>\n<\/ul>\n\n\n\n<h4 class=\"wp-block-heading\"><strong>Inspiraci\u00f3n de famosos:<\/strong><\/h4>\n\n\n\n<ul class=\"wp-block-list\">\n<li><strong>Charlize Theron<\/strong> y <strong>Lily Collins<\/strong> han adoptado el shag por su <strong>ambiente rock-chic<\/strong>.<\/li>\n<\/ul>\n\n\n\n<hr class=\"wp-block-separator has-alpha-channel-opacity\"\/>\n\n\n\n<h3 class=\"wp-block-heading\"><strong>El corte Pixie: Atrevido y femenino<\/strong><\/h3>\n\n\n\n<p>En <strong>corte pixie<\/strong> sigue siendo uno de los <strong>peinados cortos ic\u00f3nicos<\/strong> en Europa, especialmente en ciudades como <strong>Par\u00eds<\/strong> y <strong>Berl\u00edn<\/strong>. Conocido por su <strong>femenino y atrevido a la vez<\/strong>el corte pixie es un corte de pelo que requiere confianza y amor por la sencillez. Es especialmente popular en <strong>entornos urbanos<\/strong>donde las personas que siguen la moda adoptan los pantalones cortos, <strong>look estructurado<\/strong>.<\/p>\n\n\n\n<h4 class=\"wp-block-heading\"><strong>Por qu\u00e9 es popular:<\/strong><\/h4>\n\n\n\n<ul class=\"wp-block-list\">\n<li>Es un <strong>elecci\u00f3n audaz<\/strong> para quienes desean alejarse de la tradicional melena larga.<\/li>\n\n\n\n<li>Es <strong>vers\u00e1til<\/strong>-puede peinarse liso, despeinado o con textura.<\/li>\n\n\n\n<li>Funciona bien con <strong>pelo fino<\/strong> y puede dar la ilusi\u00f3n de mayor volumen.<\/li>\n<\/ul>\n\n\n\n<h4 class=\"wp-block-heading\"><strong>Inspiraci\u00f3n de famosos:<\/strong><\/h4>\n\n\n\n<ul class=\"wp-block-list\">\n<li><strong>Audrey Hepburn<\/strong> es la inspiraci\u00f3n cl\u00e1sica del corte pixie, pero estrellas actuales como <strong>Emma Watson<\/strong> lo han redefinido con sus elegantes variaciones.<\/li>\n<\/ul>\n\n\n\n<hr class=\"wp-block-separator has-alpha-channel-opacity\"\/>\n\n\n\n<h3 class=\"wp-block-heading\"><strong>Largas capas: Glamour sin esfuerzo<\/strong><\/h3>\n\n\n\n<p>Los cortes largos y a capas siguen siendo los favoritos en muchos pa\u00edses europeos, sobre todo en <strong>Italia<\/strong> y <strong>Espa\u00f1a<\/strong>donde <strong>glamour sin esfuerzo<\/strong> es la clave. Las capas a\u00f1aden volumen, textura y movimiento al pelo largo, convirti\u00e9ndolo en la opci\u00f3n preferida de quienes adoran el pelo largo. <strong>looks suaves y rom\u00e1nticos<\/strong>. Este estilo es especialmente favorecedor para <strong>cabello grueso<\/strong> o los que quieren un poco m\u00e1s <strong>volumen y forma<\/strong> sin sacrificar la longitud.<\/p>\n\n\n\n<h4 class=\"wp-block-heading\"><strong>Por qu\u00e9 es popular:<\/strong><\/h4>\n\n\n\n<ul class=\"wp-block-list\">\n<li><strong>Suave, femenino<\/strong> y <strong>vers\u00e1til<\/strong>.<\/li>\n\n\n\n<li>Funciona bien con <strong>olas naturales<\/strong> o puede peinarse liso para un look m\u00e1s sofisticado.<\/li>\n\n\n\n<li><strong>Bajo mantenimiento<\/strong> pero chic sin esfuerzo.<\/li>\n<\/ul>\n\n\n\n<h4 class=\"wp-block-heading\"><strong>Inspiraci\u00f3n de famosos:<\/strong><\/h4>\n\n\n\n<ul class=\"wp-block-list\">\n<li><strong>Gisele B\u00fcndchen<\/strong> y <strong>Blake Lively<\/strong> son ejemplos perfectos de c\u00f3mo peinar las capas largas de forma natural y glamurosa.<\/li>\n<\/ul>\n\n\n\n<hr class=\"wp-block-separator has-alpha-channel-opacity\"\/>\n\n\n\n<h2 class=\"wp-block-heading\"><strong>2. Los colores de pelo m\u00e1s populares en Europa<\/strong><\/h2>\n\n\n\n<h3 class=\"wp-block-heading\"><strong>Rubia: El cl\u00e1sico favorito europeo<\/strong><\/h3>\n\n\n\n<p>El cabello rubio sigue siendo uno de los tonos m\u00e1s ic\u00f3nicos y codiciados en Europa, con varias <strong>tonos de rubio<\/strong> especialmente popular en <strong>Escandinavia<\/strong>. En <strong>platino helado<\/strong> a <strong>tonos dorados c\u00e1lidos<\/strong>La rubia sigue siendo una de las favoritas de quienes buscan una <strong>aspecto luminoso y juvenil<\/strong>.<\/p>\n\n\n\n<h4 class=\"wp-block-heading\"><strong>Por qu\u00e9 es popular:<\/strong><\/h4>\n\n\n\n<ul class=\"wp-block-list\">\n<li><strong>Aclara la tez<\/strong> y aporta luminosidad.<\/li>\n\n\n\n<li>Vers\u00e1til: puede ir desde <strong>aspectos destacados<\/strong> a <strong>platino audaz<\/strong>.<\/li>\n\n\n\n<li>Funciona bien en ambos <strong>pelo corto y largo<\/strong>.<\/li>\n<\/ul>\n\n\n\n<h4 class=\"wp-block-heading\"><strong>Inspiraci\u00f3n de famosos:<\/strong><\/h4>\n\n\n\n<ul class=\"wp-block-list\">\n<li><strong>Margot Robbie<\/strong> y <strong>Blake Lively<\/strong> a menudo lucen tonos rubios, mostrando c\u00f3mo el rubio puede peinarse en <strong>m\u00faltiples maneras<\/strong>.<\/li>\n<\/ul>\n\n\n\n<hr class=\"wp-block-separator has-alpha-channel-opacity\"\/>\n\n\n\n<h3 class=\"wp-block-heading\"><strong>Morena: Calidez y riqueza<\/strong><\/h3>\n\n\n\n<p>Rich <strong>tonos morenos<\/strong>de chocolate intenso a <strong>casta\u00f1o<\/strong> y <strong>caramelo<\/strong>son queridos en todo el mundo <strong>Italia<\/strong> y <strong>Espa\u00f1a<\/strong> por su <strong>calidez<\/strong> y <strong>profundidad<\/strong>. El pelo moreno es conocido por su capacidad para crear un <strong>look atemporal y sofisticado<\/strong>y combina a la perfecci\u00f3n con <strong>matices c\u00e1lidos y fr\u00edos<\/strong>.<\/p>\n\n\n\n<h4 class=\"wp-block-heading\"><strong>Por qu\u00e9 es popular:<\/strong><\/h4>\n\n\n\n<ul class=\"wp-block-list\">\n<li><strong>Sofisticado y elegante<\/strong>.<\/li>\n\n\n\n<li>Ofrece una dimensi\u00f3n natural y <strong>brillo<\/strong>.<\/li>\n\n\n\n<li><strong>Tonos luminosos<\/strong> como el caramelo y la miel aportan calidez al rostro.<\/li>\n<\/ul>\n\n\n\n<h4 class=\"wp-block-heading\"><strong>Inspiraci\u00f3n de famosos:<\/strong><\/h4>\n\n\n\n<ul class=\"wp-block-list\">\n<li><strong>Jennifer L\u00f3pez<\/strong> y <strong>Kendall Jenner<\/strong> son famosas por su cabello moreno, brillante y sano.<\/li>\n<\/ul>\n\n\n\n<hr class=\"wp-block-separator has-alpha-channel-opacity\"\/>\n\n\n\n<h3 class=\"wp-block-heading\"><strong>Rojo: atrevido y vibrante<\/strong><\/h3>\n\n\n\n<p>El pelo rojo es uno de los <strong>el m\u00e1s audaz<\/strong> y m\u00e1s <strong>colores de pelo atrevidos<\/strong> en toda Europa. En <strong>cobre ardiente<\/strong> a <strong>casta\u00f1o oscuro<\/strong>El cabello pelirrojo se suele llevar <strong>Irlanda<\/strong>, <strong>el Reino Unido<\/strong>y <strong>Francia<\/strong>. El rojo es un <strong>color llamativo<\/strong>por lo que es la mejor opci\u00f3n para los que quieren llamar la atenci\u00f3n.<\/p>\n\n\n\n<h4 class=\"wp-block-heading\"><strong>Por qu\u00e9 es popular:<\/strong><\/h4>\n\n\n\n<ul class=\"wp-block-list\">\n<li><strong>\u00danico y llamativo<\/strong>.<\/li>\n\n\n\n<li>A\u00f1ade <strong>vivacidad<\/strong> y <strong>calidez<\/strong> a tu aspecto general.<\/li>\n\n\n\n<li><strong>Se adapta a distintos tonos de piel<\/strong>sobre todo las de tez clara y media.<\/li>\n<\/ul>\n\n\n\n<h4 class=\"wp-block-heading\"><strong>Inspiraci\u00f3n de famosos:<\/strong><\/h4>\n\n\n\n<ul class=\"wp-block-list\">\n<li><strong>Jessica Chastain<\/strong> y <strong>Emma Stone<\/strong> han marcado tendencia con sus atrevidos mechones rojos.<\/li>\n<\/ul>\n\n\n\n<hr class=\"wp-block-separator has-alpha-channel-opacity\"\/>\n\n\n\n<h3 class=\"wp-block-heading\"><strong>Colores pastel: Alegres y modernos<\/strong><\/h3>\n\n\n\n<p>En ciudades como <strong>Londres<\/strong> y <strong>Berl\u00edn<\/strong>Colores de pelo pastel como <strong>lavanda<\/strong>, <strong>verde menta<\/strong>y <strong>rosa beb\u00e9<\/strong> se han convertido en una tendencia muy popular, sobre todo para quienes adoran experimentar con el color. Estos tonos forman parte de una <strong>experimental<\/strong> Tendencia europea que apuesta por la creatividad y <strong>expresi\u00f3n individual<\/strong>.<\/p>\n\n\n\n<h4 class=\"wp-block-heading\"><strong>Por qu\u00e9 es popular:<\/strong><\/h4>\n\n\n\n<ul class=\"wp-block-list\">\n<li><strong>Divertido, alegre y atrevido<\/strong>.<\/li>\n\n\n\n<li>Ideal para los que quieren probar algo <strong>no convencional<\/strong>.<\/li>\n\n\n\n<li>Funciona bien en ambos <strong>peinados cortos y largos<\/strong>.<\/li>\n<\/ul>\n\n\n\n<h4 class=\"wp-block-heading\"><strong>Inspiraci\u00f3n de famosos:<\/strong><\/h4>\n\n\n\n<ul class=\"wp-block-list\">\n<li><strong>Billie Eilish<\/strong> y <strong>Kylie Jenner<\/strong> han adoptado los tonos pastel, demostrando la versatilidad de esta tendencia.<\/li>\n<\/ul>\n\n\n\n<hr class=\"wp-block-separator has-alpha-channel-opacity\"\/>\n\n\n\n<h2 class=\"wp-block-heading\"><strong>3. Los peinados m\u00e1s populares en Europa<\/strong><\/h2>\n\n\n\n<h3 class=\"wp-block-heading\"><strong>Ondas naturales: Estilo sin esfuerzo<\/strong><\/h3>\n\n\n\n<p>Las olas naturales son muy populares en los pa\u00edses europeos con <strong>climas costeros<\/strong>como <strong>Espa\u00f1a<\/strong> y <strong>Portugal<\/strong>donde el look relajado y playero es un estilo de vida. <strong>Olas de playa<\/strong> dar al cabello un aspecto sin esfuerzo, <strong>aspecto texturizado<\/strong>y son ideales tanto para <strong>pelo largo y media melena<\/strong>.<\/p>\n\n\n\n<h4 class=\"wp-block-heading\"><strong>Por qu\u00e9 es popular:<\/strong><\/h4>\n\n\n\n<ul class=\"wp-block-list\">\n<li>Crea una <strong>look chic y sin esfuerzo<\/strong>.<\/li>\n\n\n\n<li>Perfecto para aquellos con <strong>textura natural<\/strong>.<\/li>\n\n\n\n<li><strong>Bajo mantenimiento<\/strong> y f\u00e1cil de peinar.<\/li>\n<\/ul>\n\n\n\n<h4 class=\"wp-block-heading\"><strong>Inspiraci\u00f3n de famosos:<\/strong><\/h4>\n\n\n\n<ul class=\"wp-block-list\">\n<li><strong>Gisele B\u00fcndchen<\/strong> y <strong>Bella Hadid<\/strong> se ven a menudo balanceando el <strong>onda playera<\/strong> mira.<\/li>\n<\/ul>\n\n\n\n<hr class=\"wp-block-separator has-alpha-channel-opacity\"\/>\n\n\n\n<h3 class=\"wp-block-heading\"><strong>Liso y recto: El eterno look europeo<\/strong><\/h3>\n\n\n\n<p>El pelo lacio y liso es el <strong>estilo cl\u00e1sico europeo<\/strong> que nunca pasa de moda. Este look, popular en <strong>Francia<\/strong> y <strong>Italia<\/strong>se trata de <strong>alto brillo<\/strong> y <strong>sofisticaci\u00f3n pulida<\/strong>. Es un look minimalista que destaca <strong>cabello sano y brillante<\/strong>.<\/p>\n\n\n\n<h4 class=\"wp-block-heading\"><strong>Por qu\u00e9 es popular:<\/strong><\/h4>\n\n\n\n<ul class=\"wp-block-list\">\n<li><strong>Atemporal, limpio y elegante<\/strong>.<\/li>\n\n\n\n<li>Perfecta para eventos formales o para llevar a diario.<\/li>\n\n\n\n<li>Funciona bien para <strong>todo tipo de cabello<\/strong>.<\/li>\n<\/ul>\n\n\n\n<h4 class=\"wp-block-heading\"><strong>Inspiraci\u00f3n de famosos:<\/strong><\/h4>\n\n\n\n<ul class=\"wp-block-list\">\n<li><strong>Victoria Beckham<\/strong> y <strong>Kim Kardashian<\/strong> han hecho del pelo liso y liso un look caracter\u00edstico.<\/li>\n<\/ul>\n\n\n\n<hr class=\"wp-block-separator has-alpha-channel-opacity\"\/>\n\n\n\n<h2 class=\"wp-block-heading\"><strong>Conclusiones: Tendencias capilares europeas: diversidad e innovaci\u00f3n<\/strong><\/h2>\n\n\n\n<p>Las tendencias capilares en Europa son incre\u00edblemente diversas, reflejo del rico paisaje cultural del continente y de la constante evoluci\u00f3n de los c\u00e1nones de belleza. Tanto si prefiere <strong>bobs cl\u00e1sicos<\/strong> o <strong>atrevidos tonos pastel<\/strong>La escena capilar europea ofrece algo para todos los gustos. En <strong>morenas de lujo<\/strong> a <strong>pelirrojas vibrantes<\/strong> y el <strong>bob franc\u00e9s sin esfuerzo<\/strong>Estos estilos demuestran que la belleza europea consiste en <strong>autoexpresi\u00f3n<\/strong>, <strong>confianza<\/strong>y un toque de <strong>estilo individual<\/strong>.<\/p>\n\n\n\n<p>Para inspirarse en la <strong>\u00faltimos cortes de pelo<\/strong>, <strong>colores<\/strong>y <strong>estilos<\/strong> en toda Europa, permanezca atento a <strong><a href=\"https:\/\/euro.artereciclada.com.br\/es\/\">Euro Arte<\/a><\/strong> o p\u00f3ngase en contacto con nosotros en <strong><a href=\"mailto:contact@setorreciclagem.com.br\">contact@setorreciclagem.com.br<\/a><\/strong>!<\/p>","protected":false},"excerpt":{"rendered":"<p>Europe is home to some of the most diverse and innovative hair trends, with each country contributing its own unique touch to the ever-evolving world of hair fashion. From chic Parisian cuts to the bold and playful styles seen in London and Milan, European women and men continue to lead the way when it comes [&hellip;]<\/p>","protected":false},"author":5,"featured_media":110,"comment_status":"open","ping_status":"open","sticky":false,"template":"","format":"standard","meta":{"footnotes":""},"categories":[6],"tags":[],"class_list":["post-85","post","type-post","status-publish","format-standard","has-post-thumbnail","hentry","category-beauty-care"],"blocksy_meta":[],"_links":{"self":[{"href":"https:\/\/euro.artereciclada.com.br\/es\/wp-json\/wp\/v2\/posts\/85","targetHints":{"allow":["GET"]}}],"collection":[{"href":"https:\/\/euro.artereciclada.com.br\/es\/wp-json\/wp\/v2\/posts"}],"about":[{"href":"https:\/\/euro.artereciclada.com.br\/es\/wp-json\/wp\/v2\/types\/post"}],"author":[{"embeddable":true,"href":"https:\/\/euro.artereciclada.com.br\/es\/wp-json\/wp\/v2\/users\/5"}],"replies":[{"embeddable":true,"href":"https:\/\/euro.artereciclada.com.br\/es\/wp-json\/wp\/v2\/comments?post=85"}],"version-history":[{"count":1,"href":"https:\/\/euro.artereciclada.com.br\/es\/wp-json\/wp\/v2\/posts\/85\/revisions"}],"predecessor-version":[{"id":86,"href":"https:\/\/euro.artereciclada.com.br\/es\/wp-json\/wp\/v2\/posts\/85\/revisions\/86"}],"wp:featuredmedia":[{"embeddable":true,"href":"https:\/\/euro.artereciclada.com.br\/es\/wp-json\/wp\/v2\/media\/110"}],"wp:attachment":[{"href":"https:\/\/euro.artereciclada.com.br\/es\/wp-json\/wp\/v2\/media?parent=85"}],"wp:term":[{"taxonomy":"category","embeddable":true,"href":"https:\/\/euro.artereciclada.com.br\/es\/wp-json\/wp\/v2\/categories?post=85"},{"taxonomy":"post_tag","embeddable":true,"href":"https:\/\/euro.artereciclada.com.br\/es\/wp-json\/wp\/v2\/tags?post=85"}],"curies":[{"name":"wp","href":"https:\/\/api.w.org\/{rel}","templated":true}]}}