{"id":95,"date":"2025-02-03T16:45:32","date_gmt":"2025-02-03T22:45:32","guid":{"rendered":"https:\/\/euro.artereciclada.com.br\/?p=95"},"modified":"2025-02-04T12:19:24","modified_gmt":"2025-02-04T18:19:24","slug":"fashion-travel-must-visit-fashion-destinations-in-europe","status":"publish","type":"post","link":"https:\/\/euro.artereciclada.com.br\/es\/lifestyle\/fashion-travel-must-visit-fashion-destinations-in-europe\/","title":{"rendered":"Viajes de moda: Destinos de moda imprescindibles en Europa"},"content":{"rendered":"<p>Europa es un continente rico en cultura, historia y, por supuesto, moda. Desde las glamurosas calles de Par\u00eds hasta la escena del dise\u00f1o de vanguardia en Mil\u00e1n, <strong>amantes de la moda<\/strong> de todo el mundo acuden a Europa por sus ic\u00f3nicos destinos de moda. Estas ciudades no s\u00f3lo exhiben <strong>lujo y alta costura<\/strong> sino que tambi\u00e9n ofrecen la oportunidad de experimentar la <strong>evoluci\u00f3n del estilo<\/strong>de la moda callejera a las pasarelas de alta costura.<\/p>\n\n\n\n<p>En <strong>Euro Arte<\/strong>hemos elaborado una lista de <strong>las ciudades y destinos m\u00e1s de moda<\/strong> en Europa para quienes quieran sumergirse en el mundo de la moda. Si eres un adicto a las compras, un fan del estilo atemporal o simplemente quieres explorar el coraz\u00f3n del dise\u00f1o europeo, estas ciudades seguro que inspirar\u00e1n a tu fashionista interior.<\/p>\n\n\n\n<hr class=\"wp-block-separator has-alpha-channel-opacity\"\/>\n\n\n\n<h2 class=\"wp-block-heading\"><strong>1. Par\u00eds: La capital mundial de la moda<\/strong><\/h2>\n\n\n\n<h3 class=\"wp-block-heading\"><strong>Por qu\u00e9 Par\u00eds es un destino de moda<\/strong><\/h3>\n\n\n\n<p>Par\u00eds es el ep\u00edtome de <strong>elegancia, sofisticaci\u00f3n<\/strong>y <strong>estilo<\/strong>. Cuna de la alta costura, es considerada desde hace tiempo la capital mundial de la moda. Cuna de dise\u00f1adores legendarios como <strong>Coco Chanel<\/strong>, <strong>Christian Dior<\/strong>y <strong>Louis Vuitton<\/strong>Par\u00eds sigue marcando tendencias mundiales y sirviendo de <strong>centro de creatividad y lujo<\/strong>.<\/p>\n\n\n\n<h4 class=\"wp-block-heading\"><strong>Qu\u00e9 hacer en Par\u00eds:<\/strong><\/h4>\n\n\n\n<ul class=\"wp-block-list\">\n<li><strong>Visitar las casas de alta costura<\/strong>: Explore casas de moda emblem\u00e1ticas como <strong>Chanel<\/strong>, <strong>Dior<\/strong>y <strong>Herm\u00e8s<\/strong> para echar un vistazo a sus \u00faltimas colecciones. Muchas de estas boutiques ofrecen experiencias de compra personalizadas.<\/li>\n\n\n\n<li><strong>Museos de la moda<\/strong>: La <strong>Museo Yves Saint Laurent<\/strong> y <strong>Museo de la Moda<\/strong> en el Palais Galliera muestran la historia y el arte de la moda parisina.<\/li>\n\n\n\n<li><strong>Explorar Le Marais<\/strong>: El barrio del Marais alberga una mezcla de <strong>boutiques de lujo<\/strong> y <strong>tiendas vintage<\/strong>La tienda ofrece moda moderna y retro.<\/li>\n\n\n\n<li><strong>Asistir a la Semana de la Moda de Par\u00eds<\/strong>: Si tiene la suerte de estar en Par\u00eds durante <strong>Semana de la moda<\/strong>En esta zona, podr\u00e1 ser testigo de algunos de los <strong>colecciones innovadoras<\/strong> y desfiles exclusivos.<\/li>\n<\/ul>\n\n\n\n<h3 class=\"wp-block-heading\"><strong>La mejor \u00e9poca para visitarlo:<\/strong><\/h3>\n\n\n\n<ul class=\"wp-block-list\">\n<li><strong>Primavera y oto\u00f1o<\/strong> por la Semana de la Moda de Par\u00eds y el buen tiempo.<\/li>\n<\/ul>\n\n\n\n<hr class=\"wp-block-separator has-alpha-channel-opacity\"\/>\n\n\n\n<h2 class=\"wp-block-heading\"><strong>2. Mil\u00e1n: El coraz\u00f3n de la moda italiana<\/strong><\/h2>\n\n\n\n<h3 class=\"wp-block-heading\"><strong>Por qu\u00e9 Mil\u00e1n es un destino de moda<\/strong><\/h3>\n\n\n\n<p>Mil\u00e1n es el <strong>capital mundial del dise\u00f1o de moda<\/strong> y <strong>compras de lujo<\/strong>. Conocida por su sofisticada escena de la moda de alta gama, Mil\u00e1n es cuna de dise\u00f1adores como <strong>Giorgio Armani<\/strong>, <strong>Versace<\/strong>y <strong>Prada<\/strong>. La ciudad es un <strong>mezcla perfecta de modernidad<\/strong> y <strong>artesan\u00eda tradicional<\/strong>donde la creatividad florece en cada esquina.<\/p>\n\n\n\n<h4 class=\"wp-block-heading\"><strong>Qu\u00e9 hacer en Mil\u00e1n:<\/strong><\/h4>\n\n\n\n<ul class=\"wp-block-list\">\n<li><strong>Visite el Cuadril\u00e1tero de la Moda<\/strong>: La <strong>Cuadril\u00e1tero de la Moda<\/strong> es de Mil\u00e1n <strong>distrito de la moda<\/strong>donde encontrar\u00e1 las boutiques m\u00e1s exclusivas de marcas como <strong>Gucci<\/strong>, <strong>Dolce &amp; Gabbana<\/strong>y <strong>Fendi<\/strong>.<\/li>\n\n\n\n<li><strong>Museos de la moda<\/strong>: La <strong>Museo del Dise\u00f1o Italiano<\/strong> y <strong>Galer\u00eda Vittorio Emanuele II<\/strong> ofrecen una visi\u00f3n fascinante de la historia de la moda de Mil\u00e1n.<\/li>\n\n\n\n<li><strong>Asistir a la Semana de la Moda de Mil\u00e1n<\/strong>: La Semana de la Moda de Mil\u00e1n es una de las <strong>los mayores acontecimientos del calendario mundial de la moda<\/strong>En ella se exhiben tanto talentos emergentes como dise\u00f1adores consagrados.<\/li>\n\n\n\n<li><strong>Explorar el barrio de Brera<\/strong>: Conocido por su <strong>ambiente art\u00edstico<\/strong>El barrio de Brera tambi\u00e9n ofrece boutiques de moda \u00fanicas y tiendas vintage.<\/li>\n<\/ul>\n\n\n\n<h3 class=\"wp-block-heading\"><strong>La mejor \u00e9poca para visitarlo:<\/strong><\/h3>\n\n\n\n<ul class=\"wp-block-list\">\n<li><strong>Febrero\/marzo y septiembre\/octubre<\/strong> para la Semana de la Moda de Mil\u00e1n.<\/li>\n<\/ul>\n\n\n\n<hr class=\"wp-block-separator has-alpha-channel-opacity\"\/>\n\n\n\n<h2 class=\"wp-block-heading\"><strong>3. Londres: Donde el street style se une al lujo<\/strong><\/h2>\n\n\n\n<h3 class=\"wp-block-heading\"><strong>Por qu\u00e9 Londres es un destino de moda<\/strong><\/h3>\n\n\n\n<p>Londres alberga <strong>street style atrevido<\/strong>moda de vanguardia y <strong>casas de moda de lujo<\/strong>. Desde el <strong>influencia de la ropa de calle<\/strong> de Shoreditch al <strong>elegancia de Savile Row<\/strong>Londres combina la sastrer\u00eda del viejo mundo con una energ\u00eda joven y creativa. La ciudad ha producido <strong>dise\u00f1adores de renombre mundial<\/strong> como <strong>Alexander McQueen<\/strong>, <strong>Burberry<\/strong>y <strong>Vivienne Westwood<\/strong>.<\/p>\n\n\n\n<h4 class=\"wp-block-heading\"><strong>Qu\u00e9 hacer en Londres:<\/strong><\/h4>\n\n\n\n<ul class=\"wp-block-list\">\n<li><strong>Visita Oxford Street y Bond Street<\/strong>: Estas son las mecas de las compras londinenses, que ofrecen de todo, desde <strong>boutiques de lujo<\/strong> a <strong>moda callejera<\/strong>.<\/li>\n\n\n\n<li><strong>Explora Savile Row<\/strong>: Conocida por su sastrer\u00eda a medida, Savile Row es una visita obligada para cualquier persona interesada en <strong>sastrer\u00eda brit\u00e1nica cl\u00e1sica<\/strong>.<\/li>\n\n\n\n<li><strong>Exposiciones de moda en el Museo Victoria and Albert<\/strong>: Este museo alberga incre\u00edbles exposiciones de moda que muestran lo mejor de la historia de la moda brit\u00e1nica y de los dise\u00f1adores contempor\u00e1neos.<\/li>\n\n\n\n<li><strong>Street Style en Shoreditch<\/strong>: Explora el arte callejero y la extravagante escena de la moda en Shoreditch, un distrito conocido por su <strong>tiendas independientes<\/strong>, <strong>tiendas vintage<\/strong>y <strong>locales a la moda<\/strong>.<\/li>\n<\/ul>\n\n\n\n<h3 class=\"wp-block-heading\"><strong>La mejor \u00e9poca para visitarlo:<\/strong><\/h3>\n\n\n\n<ul class=\"wp-block-list\">\n<li><strong>Septiembre\/Octubre<\/strong> para la Semana de la Moda de Londres y las compras de oto\u00f1o.<\/li>\n<\/ul>\n\n\n\n<hr class=\"wp-block-separator has-alpha-channel-opacity\"\/>\n\n\n\n<h2 class=\"wp-block-heading\"><strong>4. Barcelona: El chic mediterr\u00e1neo se une al dise\u00f1o moderno<\/strong><\/h2>\n\n\n\n<h3 class=\"wp-block-heading\"><strong>Por qu\u00e9 Barcelona es un destino de moda<\/strong><\/h3>\n\n\n\n<p>Barcelona, con su <strong>Sabor mediterr\u00e1neo<\/strong>combina <strong>casual chic<\/strong> con <strong>dise\u00f1o de moda innovador<\/strong>. Conocida por su energ\u00eda juvenil, su creatividad y su moderna arquitectura, Barcelona ofrece una <strong>mezcla \u00fanica de alta costura y estilo bohemio<\/strong>. Dise\u00f1adores como <strong>Manolo Blahnik<\/strong> y <strong>Custo Barcelona<\/strong> han dejado su huella en la escena de la moda de la ciudad.<\/p>\n\n\n\n<h4 class=\"wp-block-heading\"><strong>Qu\u00e9 hacer en Barcelona:<\/strong><\/h4>\n\n\n\n<ul class=\"wp-block-list\">\n<li><strong>Paseo de Gracia<\/strong>: Esta avenida est\u00e1 repleta de boutiques de lujo como <strong>Louis Vuitton<\/strong> y <strong>Chanel<\/strong>as\u00ed como dise\u00f1adores locales que expondr\u00e1n <strong>moda de vanguardia<\/strong>.<\/li>\n\n\n\n<li><strong>El Born y el Barrio G\u00f3tico<\/strong>: Explore las boutiques de moda y las tiendas vintage para encontrar objetos \u00fanicos y <strong>ropa de estilo bohemio<\/strong>.<\/li>\n\n\n\n<li><strong>Exposiciones de moda en el Museu del Disseny<\/strong>: Este museo muestra la historia y la evoluci\u00f3n de la moda, el dise\u00f1o y las artes textiles.<\/li>\n\n\n\n<li><strong>Asistir a la 080 Barcelona Fashion<\/strong>: Este acontecimiento anual es una celebraci\u00f3n de <strong>Moda catalana<\/strong> y <strong>dise\u00f1adores emergentes<\/strong>.<\/li>\n<\/ul>\n\n\n\n<h3 class=\"wp-block-heading\"><strong>La mejor \u00e9poca para visitarlo:<\/strong><\/h3>\n\n\n\n<ul class=\"wp-block-list\">\n<li><strong>Primavera y verano<\/strong> por el c\u00e1lido clima mediterr\u00e1neo y el vibrante estilo callejero.<\/li>\n<\/ul>\n\n\n\n<hr class=\"wp-block-separator has-alpha-channel-opacity\"\/>\n\n\n\n<h2 class=\"wp-block-heading\"><strong>5. Par\u00eds, Mil\u00e1n, Londres y m\u00e1s: Ciudades de moda en alza<\/strong><\/h2>\n\n\n\n<h3 class=\"wp-block-heading\"><strong>Por qu\u00e9 son importantes estas ciudades<\/strong><\/h3>\n\n\n\n<p>Adem\u00e1s de las capitales cl\u00e1sicas de la moda, otras ciudades europeas est\u00e1n emergiendo como importantes destinos de la moda por derecho propio. Ciudades como <strong>Copenhague<\/strong>, <strong>Berl\u00edn<\/strong>y <strong>\u00c1msterdam<\/strong> se est\u00e1n convirtiendo en centros de <strong>moda sostenible<\/strong>, <strong>cultura de la ropa de calle<\/strong>y <strong>dise\u00f1os creativos y experimentales<\/strong>.<\/p>\n\n\n\n<h4 class=\"wp-block-heading\"><strong>Ciudades clave que visitar:<\/strong><\/h4>\n\n\n\n<ul class=\"wp-block-list\">\n<li><strong>Copenhague<\/strong>: Conocido por su <strong>est\u00e9tica minimalista<\/strong> y \u00e9nfasis en <strong>moda sostenible<\/strong>Copenhague se est\u00e1 convirtiendo en <strong>ciudad de visita obligada<\/strong> para los amantes de la moda ecol\u00f3gica.<\/li>\n\n\n\n<li><strong>Berl\u00edn<\/strong>: Berl\u00edn ofrece una <strong>una escena de la moda din\u00e1mica y vanguardista<\/strong>con dise\u00f1adores que experimentan con nuevas formas de expresi\u00f3n, especialmente en <strong>ropa de calle<\/strong> y <strong>moda artesanal<\/strong>.<\/li>\n\n\n\n<li><strong>\u00c1msterdam<\/strong>: Conocido por su <strong>street style vanguardista<\/strong>Las boutiques de \u00c1msterdam exhiben una mezcla de <strong>ecl\u00e9ctico<\/strong>, <strong>sostenible<\/strong>y <strong>dise\u00f1os de alta costura<\/strong>.<\/li>\n<\/ul>\n\n\n\n<hr class=\"wp-block-separator has-alpha-channel-opacity\"\/>\n\n\n\n<h2 class=\"wp-block-heading\"><strong>6. Semanas de la Moda de Par\u00eds y Mil\u00e1n: Las mejores experiencias de la moda<\/strong><\/h2>\n\n\n\n<h3 class=\"wp-block-heading\"><strong>Por qu\u00e9 la Semana de la Moda es un acontecimiento mundial<\/strong><\/h3>\n\n\n\n<p>Si es usted un verdadero entusiasta de la moda, asistir a <strong>Semana de la Moda de Par\u00eds<\/strong> o <strong>Semana de la Moda de Mil\u00e1n<\/strong> es el sue\u00f1o supremo. Estos acontecimientos re\u00fanen a <strong>mejores dise\u00f1adores<\/strong>, <strong>profesionales del sector<\/strong>y <strong>influencers de moda<\/strong> de todo el mundo para presenciar las pr\u00f3ximas grandes tendencias.<\/p>\n\n\n\n<h4 class=\"wp-block-heading\"><strong>Qu\u00e9 esperar:<\/strong><\/h4>\n\n\n\n<ul class=\"wp-block-list\">\n<li><strong>Asientos de primera fila en los desfiles<\/strong> mostrar <strong>colecciones de lujo<\/strong> y <strong>moda de vanguardia<\/strong>.<\/li>\n\n\n\n<li><strong>Eventos exclusivos<\/strong> y fiestas posteriores en las que podr\u00e1 mezclarse con <strong>iconos de la moda<\/strong> y <strong>l\u00edderes del sector<\/strong>.<\/li>\n\n\n\n<li><strong>Acceso entre bastidores<\/strong> para ver el proceso creativo de grandes dise\u00f1adores y talentos emergentes.<\/li>\n<\/ul>\n\n\n\n<h3 class=\"wp-block-heading\"><strong>La mejor \u00e9poca para visitarlo:<\/strong><\/h3>\n\n\n\n<ul class=\"wp-block-list\">\n<li><strong>Semana de la Moda de Par\u00eds<\/strong>: <strong>Febrero\/Marzo<\/strong> y <strong>Septiembre\/Octubre<\/strong>.<\/li>\n\n\n\n<li><strong>Semana de la Moda de Mil\u00e1n<\/strong>: <strong>Febrero\/Marzo<\/strong> y <strong>Septiembre\/Octubre<\/strong>.<\/li>\n<\/ul>\n\n\n\n<hr class=\"wp-block-separator has-alpha-channel-opacity\"\/>\n\n\n\n<h2 class=\"wp-block-heading\"><strong>Conclusiones: Viajes de moda en Europa<\/strong><\/h2>\n\n\n\n<p>Europa ofrece un <strong>un panorama de la moda diverso y en constante evoluci\u00f3n<\/strong>donde el lujo, el estilo callejero y la creatividad se unen en perfecta armon\u00eda. Tanto si visita las capitales de la moda de <strong>Par\u00eds, Mil\u00e1n y Londres<\/strong>o descubrir las nuevas escenas de la moda en ciudades como <strong>Copenhague<\/strong> y <strong>Berl\u00edn<\/strong>Europa ofrece un sinf\u00edn de oportunidades para sumergirse en el mundo de la moda.<\/p>\n\n\n\n<p>Independientemente del lugar al que viaje, los destinos de moda de Europa prometen inspirarle y sumergirle en la creatividad, innovaci\u00f3n y elegancia que definen su identidad cultural. Para m\u00e1s consejos sobre los destinos europeos de la moda, visite <strong><a href=\"https:\/\/euro.artereciclada.com.br\/es\/\">Euro Arte<\/a><\/strong> o p\u00f3ngase en contacto con nosotros en <strong><a href=\"mailto:contact@setorreciclagem.com.br\">contact@setorreciclagem.com.br<\/a><\/strong>.<\/p>","protected":false},"excerpt":{"rendered":"<p>Europe is a continent rich in culture, history, and, of course, fashion. From the glamorous streets of Paris to the cutting-edge design scene in Milan, fashion lovers around the world flock to Europe for its iconic fashion destinations. These cities not only showcase luxury and high-end couture but also offer a chance to experience the [&hellip;]<\/p>","protected":false},"author":5,"featured_media":103,"comment_status":"open","ping_status":"open","sticky":false,"template":"","format":"standard","meta":{"footnotes":""},"categories":[7],"tags":[],"class_list":["post-95","post","type-post","status-publish","format-standard","has-post-thumbnail","hentry","category-lifestyle"],"blocksy_meta":[],"_links":{"self":[{"href":"https:\/\/euro.artereciclada.com.br\/es\/wp-json\/wp\/v2\/posts\/95","targetHints":{"allow":["GET"]}}],"collection":[{"href":"https:\/\/euro.artereciclada.com.br\/es\/wp-json\/wp\/v2\/posts"}],"about":[{"href":"https:\/\/euro.artereciclada.com.br\/es\/wp-json\/wp\/v2\/types\/post"}],"author":[{"embeddable":true,"href":"https:\/\/euro.artereciclada.com.br\/es\/wp-json\/wp\/v2\/users\/5"}],"replies":[{"embeddable":true,"href":"https:\/\/euro.artereciclada.com.br\/es\/wp-json\/wp\/v2\/comments?post=95"}],"version-history":[{"count":1,"href":"https:\/\/euro.artereciclada.com.br\/es\/wp-json\/wp\/v2\/posts\/95\/revisions"}],"predecessor-version":[{"id":96,"href":"https:\/\/euro.artereciclada.com.br\/es\/wp-json\/wp\/v2\/posts\/95\/revisions\/96"}],"wp:featuredmedia":[{"embeddable":true,"href":"https:\/\/euro.artereciclada.com.br\/es\/wp-json\/wp\/v2\/media\/103"}],"wp:attachment":[{"href":"https:\/\/euro.artereciclada.com.br\/es\/wp-json\/wp\/v2\/media?parent=95"}],"wp:term":[{"taxonomy":"category","embeddable":true,"href":"https:\/\/euro.artereciclada.com.br\/es\/wp-json\/wp\/v2\/categories?post=95"},{"taxonomy":"post_tag","embeddable":true,"href":"https:\/\/euro.artereciclada.com.br\/es\/wp-json\/wp\/v2\/tags?post=95"}],"curies":[{"name":"wp","href":"https:\/\/api.w.org\/{rel}","templated":true}]}}