{"id":77,"date":"2025-02-03T15:57:08","date_gmt":"2025-02-03T21:57:08","guid":{"rendered":"https:\/\/euro.artereciclada.com.br\/?p=77"},"modified":"2025-02-04T12:52:19","modified_gmt":"2025-02-04T18:52:19","slug":"fashion-week-insights-analysis-of-european-runway-shows","status":"publish","type":"post","link":"https:\/\/euro.artereciclada.com.br\/fr\/trends\/fashion-week-insights-analysis-of-european-runway-shows\/","title":{"rendered":"Aper\u00e7us de la semaine de la mode : Analyse des d\u00e9fil\u00e9s europ\u00e9ens"},"content":{"rendered":"<p>Les Fashion Weeks \u00e0 travers l'Europe donnent le ton aux tendances mondiales de la mode, en pr\u00e9sentant <strong>des designs avant-gardistes, une cr\u00e9ativit\u00e9 r\u00e9volutionnaire et la fusion entre tradition et modernit\u00e9<\/strong>. De l'opulence de <strong>Semaine de la haute couture \u00e0 Paris<\/strong> \u00e0 l'esth\u00e9tique exp\u00e9rimentale de <strong>Semaine de la mode \u00e0 Londres<\/strong>, Chaque saison de d\u00e9fil\u00e9s apporte son lot de nouveaut\u00e9s en mati\u00e8re de style, de durabilit\u00e9 et d'\u00e9volutions culturelles.<\/p>\n\n\n\n<p>Au <strong>Art europ\u00e9en<\/strong>, nous analysons minutieusement <strong>les derniers d\u00e9fil\u00e9s de mode europ\u00e9ens<\/strong>, en analysant les principales tendances, les collections remarquables et les th\u00e8mes \u00e9mergents qui fa\u00e7onnent le secteur.<\/p>\n\n\n\n<hr class=\"wp-block-separator has-alpha-channel-opacity\"\/>\n\n\n\n<h2 class=\"wp-block-heading\"><strong>1. La Fashion Week de Paris : l'incarnation m\u00eame de l'\u00e9l\u00e9gance et de l'innovation<\/strong><\/h2>\n\n\n\n<h3 class=\"wp-block-heading\"><strong>Points forts<\/strong><\/h3>\n\n\n\n<p>La Fashion Week de Paris (PFW) reste le <strong>\u00e9v\u00e9nement le plus prestigieux du calendrier de la mode<\/strong>, mettant en vedette des maisons de luxe telles que <strong>Chanel, Dior, Louis Vuitton et Balenciaga<\/strong>, ainsi que des cr\u00e9ateurs avant-gardistes qui red\u00e9finissent l'avenir de la mode.<\/p>\n\n\n\n<h4 class=\"wp-block-heading\"><strong>Les tendances de la Fashion Week de Paris<\/strong><\/h4>\n\n\n\n<p>\u2714 <strong>Minimalisme haute couture<\/strong> \u2013 Un retour aux silhouettes \u00e9pur\u00e9es, aux coupes structur\u00e9es et aux palettes monochromes.<br>\u2714 <strong>Le renouveau des techniques de couture<\/strong> \u2013 Les cr\u00e9ateurs adoptent les broderies complexes, les drap\u00e9s spectaculaires et les ornements faits main.<br>\u2714 <strong>Roman gothique<\/strong> \u2013 Esth\u00e9tique sombre et m\u00e9lancolique avec de la dentelle, du velours et des corsets.<br>\u2714 <strong>Formes sculpturales et pi\u00e8ces surdimensionn\u00e9es<\/strong> \u2013 Proportions exag\u00e9r\u00e9es dans les v\u00eatements d'ext\u00e9rieur et les tenues de soir\u00e9e.<br>\u2714 <strong>Luxe durable<\/strong> \u2013 Couture recycl\u00e9e et mat\u00e9riaux \u00e9cologiques innovants.<\/p>\n\n\n\n<h4 class=\"wp-block-heading\"><strong>Collections remarquables<\/strong><\/h4>\n\n\n\n<p>\ud83d\udd25 <strong>Balenciaga<\/strong> \u2013 A pr\u00e9sent\u00e9 une vision dystopique et futuriste de la haute couture, avec <strong>coupes oversize et superpositions exp\u00e9rimentales<\/strong>.<br>\ud83d\udd25 <strong>Dior<\/strong> \u2013 Ax\u00e9 sur <strong>f\u00e9minit\u00e9 classique avec des corsets structur\u00e9s et des robes fluides et \u00e9th\u00e9r\u00e9es<\/strong>.<br>\ud83d\udd25 <strong>Schiaparelli<\/strong> \u2013 Domin\u00e9 par le surr\u00e9alisme, les d\u00e9tails sculpturaux en or et les silhouettes avant-gardistes audacieuses.<br>\ud83d\udd25 <strong>Loewe<\/strong> \u2013 Explor\u00e9 <strong>absurdit\u00e9 dans la mode<\/strong>, avec des manteaux sculpturaux et des textures imprim\u00e9es hyperr\u00e9alistes.<\/p>\n\n\n\n<h3 class=\"wp-block-heading\"><strong>Analyse de la Fashion Week de Paris<\/strong><\/h3>\n\n\n\n<p>Paris reste la <strong>\u00e9picentre du raffinement et de l'innovation<\/strong>, \u00e9quilibrer <strong>un luxe intemporel avec des provocations modernes<\/strong>. Le r\u00e9cent changement vers <strong>artisanat et durabilit\u00e9<\/strong> souligne une croissance <strong>demande de luxe conscient<\/strong>.<\/p>\n\n\n\n<hr class=\"wp-block-separator has-alpha-channel-opacity\"\/>\n\n\n\n<h2 class=\"wp-block-heading\"><strong>2. La Fashion Week de Milan : une c\u00e9l\u00e9bration du glamour italien<\/strong><\/h2>\n\n\n\n<h3 class=\"wp-block-heading\"><strong>Points forts<\/strong><\/h3>\n\n\n\n<p>La Fashion Week de Milan (MFW) est l'endroit o\u00f9 <strong>Une mode audacieuse et affirm\u00e9e alli\u00e9e \u00e0 une coupe impeccable<\/strong>, mettant en vedette des poids lourds tels que <strong>Prada, Gucci, Versace et Fendi<\/strong>.<\/p>\n\n\n\n<h4 class=\"wp-block-heading\"><strong>Tendances de la Fashion Week de Milan<\/strong><\/h4>\n\n\n\n<p>\u2714 <strong>Renaissance r\u00e9tro<\/strong> \u2013 Influences des ann\u00e9es 70 et 90 dans les palettes de couleurs, les imprim\u00e9s et les silhouettes.<br>\u2714 <strong>\u00c9l\u00e9gance maximaliste<\/strong> \u2013 Motifs \u00e9clatants, ornements spectaculaires et <strong>le luxe rencontre le streetwear<\/strong>.<br>\u2714 <strong>Domination du cuir<\/strong> \u2013 Looks enti\u00e8rement en cuir <strong>trench-coats, robes et v\u00eatements structur\u00e9s<\/strong>.<br>\u2714 <strong>Fluidit\u00e9 des genres<\/strong> \u2013 Un m\u00e9lange de <strong>\u00e9l\u00e9ments masculins et f\u00e9minins<\/strong>, promouvant un style androgyne.<br>\u2714 <strong>Accessoires \u00e0 fort impact<\/strong> \u2013 Lunettes de soleil oversize, ceintures originales et bijoux sculpturaux.<\/p>\n\n\n\n<h4 class=\"wp-block-heading\"><strong>Collections remarquables<\/strong><\/h4>\n\n\n\n<p>\ud83d\udd25 <strong>Prada<\/strong> \u2013 Livr\u00e9 un <strong>m\u00e9lange de minimalisme futuriste et de couture structur\u00e9e<\/strong>, en mettant l'accent sur <strong>textiles enduits et silhouettes sculpturales<\/strong>.<br>\ud83d\udd25 <strong>Versace<\/strong> \u2013 C\u00e9l\u00e9br\u00e9 <strong>imprim\u00e9s audacieux, couleurs vives et sensualit\u00e9<\/strong>, r\u00e9introduisant <strong>L'\u00e9nergie des top-mod\u00e8les des ann\u00e9es 90<\/strong>.<br>\ud83d\udd25 <strong>Gucci<\/strong> \u2013 A poursuivi son <strong>esth\u00e9tique \u00e9clectique<\/strong>, m\u00e9lange <strong>inspirations vintage avec une touche d'originalit\u00e9 moderne<\/strong>.<br>\ud83d\udd25 <strong>Fendi<\/strong> \u2013 Ax\u00e9 sur <strong>luxe sobre et raffin\u00e9<\/strong>, mettant en vedette <strong>tons neutres, coupe pr\u00e9cise et tissus fluides<\/strong>.<\/p>\n\n\n\n<h3 class=\"wp-block-heading\"><strong>Analyse de la Fashion Week de Milan<\/strong><\/h3>\n\n\n\n<p>Milan prouve <strong>La mode italienne est intemporelle<\/strong>, excellant dans <strong>artisanat luxueux et v\u00eatements \u00e9clatants et affirm\u00e9s<\/strong>. Le retour \u00e0 <strong>maximalisme audacieux et color\u00e9<\/strong> signale un abandon du minimalisme au profit de <strong>mode expressive et affirm\u00e9e<\/strong>.<\/p>\n\n\n\n<hr class=\"wp-block-separator has-alpha-channel-opacity\"\/>\n\n\n\n<h2 class=\"wp-block-heading\"><strong>3. La Fashion Week de Londres : le terrain de jeu de la mode exp\u00e9rimentale<\/strong><\/h2>\n\n\n\n<h3 class=\"wp-block-heading\"><strong>Points forts<\/strong><\/h3>\n\n\n\n<p>La London Fashion Week (LFW) est connue pour <strong>repousser les limites, soutenir les jeunes cr\u00e9ateurs et m\u00e9langer les sous-cultures underground avec la haute couture<\/strong>.<\/p>\n\n\n\n<h4 class=\"wp-block-heading\"><strong>Tendances de la Fashion Week de Londres<\/strong><\/h4>\n\n\n\n<p>\u2714 <strong>Couture d\u00e9structur\u00e9e<\/strong> \u2013 Asym\u00e9trie, coutures non finies et d\u00e9coupes nettes.<br>\u2714 <strong>Designs androgynes et fluides en termes de genre<\/strong> \u2013 Silhouettes non binaires aux proportions audacieuses.<br>\u2714 <strong>Renaissance punk<\/strong> \u2013 Cha\u00eenes, clous, cuir et \u00e9l\u00e9ments streetwear rebelles.<br>\u2714 <strong>V\u00eatements streetwear oversize<\/strong> \u2013 Coupes carr\u00e9es, v\u00eatements d'ext\u00e9rieur exag\u00e9r\u00e9s et superpositions exag\u00e9r\u00e9es.<br>\u2714 <strong>Textures et imprim\u00e9s ludiques<\/strong> \u2013 Manteaux en fourrure, tissus m\u00e9talliques et motifs floraux audacieux.<\/p>\n\n\n\n<h4 class=\"wp-block-heading\"><strong>Collections remarquables<\/strong><\/h4>\n\n\n\n<p>\ud83d\udd25 <strong>Burberry<\/strong> \u2013 Pr\u00e9sent\u00e9 <strong>\u00c9l\u00e9gance britannique moderne avec des tissus techniques et des v\u00eatements d'ext\u00e9rieur structur\u00e9s<\/strong>.<br>\ud83d\udd25 <strong>JW Anderson<\/strong> \u2013 Jou\u00e9 avec <strong>des designs sculpturaux, des \u00e9l\u00e9ments surr\u00e9alistes et des mat\u00e9riaux inattendus<\/strong>.<br>\ud83d\udd25 <strong>Simone Rocha<\/strong> \u2013 Livr\u00e9 <strong>esth\u00e9tique punk romantique avec volants, dentelle et superpositions utilitaires<\/strong>.<br>\ud83d\udd25 <strong>Richard Quinn<\/strong> \u2013 Cr\u00e9\u00e9 <strong>robes florales spectaculaires associ\u00e9es \u00e0 du latex ultrabrillant<\/strong> pour un look futuriste et f\u00e9minin.<\/p>\n\n\n\n<h3 class=\"wp-block-heading\"><strong>Analyse de la Fashion Week de Londres<\/strong><\/h3>\n\n\n\n<p>Londres continue de mener <strong>exp\u00e9rimentation dans le domaine de la mode<\/strong>, en embrassant <strong>cr\u00e9ativit\u00e9 audacieuse, fluidit\u00e9 et esth\u00e9tique non conventionnelle<\/strong>. L'accent mis sur <strong>culture jeune et designs avant-gardistes<\/strong> confirme le statut de Londres comme la capitale incontest\u00e9e <strong>laboratoire de mode<\/strong>.<\/p>\n\n\n\n<hr class=\"wp-block-separator has-alpha-channel-opacity\"\/>\n\n\n\n<h2 class=\"wp-block-heading\"><strong>4. Semaine de la mode de Copenhague : l'avenir de la mode durable<\/strong><\/h2>\n\n\n\n<h3 class=\"wp-block-heading\"><strong>Points forts<\/strong><\/h3>\n\n\n\n<p>La Fashion Week de Copenhague (CPHFW) acquiert une reconnaissance mondiale pour <strong>d\u00e9fendre la mode durable, l'esth\u00e9tique minimaliste et la fonctionnalit\u00e9 scandinave<\/strong>.<\/p>\n\n\n\n<h4 class=\"wp-block-heading\"><strong>Tendances de la Fashion Week de Copenhague<\/strong><\/h4>\n\n\n\n<p>\u2714 <strong>Silhouettes d\u00e9contract\u00e9es et oversize<\/strong> \u2013 Un design ax\u00e9 sur le confort associ\u00e9 \u00e0 une coupe impeccable.<br>\u2714 <strong>Tons terreux et sourds<\/strong> \u2013 Des teintes neutres et chaudes, ponctu\u00e9es ici et l\u00e0 de touches de couleurs vives.<br>\u2714 <strong>Mat\u00e9riaux \u00e9cologiques<\/strong> \u2013 Coton biologique, cuir vegan et production z\u00e9ro d\u00e9chet.<br>\u2714 <strong>\u00c9l\u00e9gance sportive<\/strong> \u2013 Une fusion de <strong>athleisure avec des \u00e9l\u00e9ments structur\u00e9s<\/strong>.<br>\u2714 <strong>Simplicit\u00e9 en couches<\/strong> \u2013 Une esth\u00e9tique \u00e9pur\u00e9e et des superpositions pratiques pour une mode intemporelle.<\/p>\n\n\n\n<h4 class=\"wp-block-heading\"><strong>Collections remarquables<\/strong><\/h4>\n\n\n\n<p>\ud83d\udd25 <strong>Ganni<\/strong> \u2013 Dirig\u00e9 par <strong>imprim\u00e9s ludiques, tissus recycl\u00e9s et f\u00e9minit\u00e9 naturelle<\/strong>.<br>\ud83d\udd25 <strong>Baum und Pferdgarten<\/strong> \u2013 M\u00e9lang\u00e9 <strong>Minimalisme scandinave classique avec des imprim\u00e9s audacieux et modernes<\/strong>.<br>\ud83d\udd25 <strong>Stine Goya<\/strong> \u2013 Ax\u00e9 sur <strong>couleurs vives et silhouettes exp\u00e9rimentales<\/strong>.<br>\ud83d\udd25 <strong>Saks Potts<\/strong> \u2013 R\u00e9invent\u00e9 <strong>manteaux classiques et couture avec une \u00e9l\u00e9gance contemporaine<\/strong>.<\/p>\n\n\n\n<h3 class=\"wp-block-heading\"><strong>Analyse de la Fashion Week de Copenhague<\/strong><\/h3>\n\n\n\n<p>Copenhague reste <strong>un leader dans le domaine de la mode durable et fonctionnelle<\/strong>, prouvant que <strong>Les v\u00eatements \u00e9cologiques peuvent \u00eatre \u00e0 la fois \u00e9l\u00e9gants et pratiques.<\/strong>. La domination de <strong>coupes neutres et d\u00e9contract\u00e9es, tissus durables<\/strong> signale un changement vers <strong>mode durable et responsable<\/strong>.<\/p>\n\n\n\n<hr class=\"wp-block-separator has-alpha-channel-opacity\"\/>\n\n\n\n<h2 class=\"wp-block-heading\"><strong>Conclusion : l'impact des Fashion Weeks europ\u00e9ennes<\/strong><\/h2>\n\n\n\n<p>Les Fashion Weeks europ\u00e9ennes continuent de d\u00e9finir <strong>l'avenir du style mondial<\/strong>, en mettant en \u00e9vidence les mouvements cl\u00e9s tels que :<\/p>\n\n\n\n<p>\u2705 <strong>Le retour de l'artisanat<\/strong> \u2013 Les cr\u00e9ateurs adoptent les techniques de la haute couture et les mat\u00e9riaux haut de gamme.<br>\u2705 <strong>La durabilit\u00e9 comme nouvelle norme<\/strong> \u2013 Le passage vers <strong>mode \u00e9cologique et circulaire<\/strong> est ind\u00e9niable.<br>\u2705 <strong>La fusion du luxe et du streetwear<\/strong> \u2013 La haute couture est de plus en plus influenc\u00e9e par la culture urbaine et la culture jeune.<br>\u2705 <strong>Fluidit\u00e9 des genres et inclusivit\u00e9<\/strong> \u2013 Les designers repoussent les limites dans <strong>silhouettes, repr\u00e9sentation et identit\u00e9<\/strong>.<br>\u2705 <strong>Transformation num\u00e9rique<\/strong> \u2013 Le r\u00f4le de <strong>d\u00e9fil\u00e9s de mode virtuels, r\u00e9alit\u00e9 augment\u00e9e et NFT<\/strong> dans le d\u00e9veloppement de la mode moderne.<\/p>\n\n\n\n<p>Au <strong>Art europ\u00e9en<\/strong>, nous continuons \u00e0 explorer <strong>l'\u00e9volution de la mode europ\u00e9enne<\/strong>, apportant des informations issues du <strong>des podiums aux rues<\/strong>.<\/p>\n\n\n\n<p><strong>Quelle Fashion Week vous a le plus inspir\u00e9 ?<\/strong> Restez inform\u00e9 des derni\u00e8res tendances de la mode europ\u00e9enne sur <strong><a href=\"https:\/\/euro.artereciclada.com.br\/fr\/\">Art europ\u00e9en<\/a><\/strong> ou nous contacter \u00e0 l'adresse suivante <strong><a href=\"mailto:contact@setorreciclagem.com.br\">contact@setorreciclagem.com.br<\/a><\/strong>.<\/p>\n\n\n\n<p><\/p>","protected":false},"excerpt":{"rendered":"<p>Fashion Weeks across Europe set the tone for global fashion trends, showcasing cutting-edge designs, groundbreaking creativity, and the fusion of heritage with modernity. From the opulence of Paris Haute Couture Week to the experimental aesthetics of London Fashion Week, each runway season brings forth a new narrative in style, sustainability, and cultural shifts. At Euro [&hellip;]<\/p>","protected":false},"author":5,"featured_media":114,"comment_status":"open","ping_status":"open","sticky":false,"template":"","format":"standard","meta":{"footnotes":""},"categories":[5],"tags":[],"class_list":["post-77","post","type-post","status-publish","format-standard","has-post-thumbnail","hentry","category-trends"],"blocksy_meta":[],"_links":{"self":[{"href":"https:\/\/euro.artereciclada.com.br\/fr\/wp-json\/wp\/v2\/posts\/77","targetHints":{"allow":["GET"]}}],"collection":[{"href":"https:\/\/euro.artereciclada.com.br\/fr\/wp-json\/wp\/v2\/posts"}],"about":[{"href":"https:\/\/euro.artereciclada.com.br\/fr\/wp-json\/wp\/v2\/types\/post"}],"author":[{"embeddable":true,"href":"https:\/\/euro.artereciclada.com.br\/fr\/wp-json\/wp\/v2\/users\/5"}],"replies":[{"embeddable":true,"href":"https:\/\/euro.artereciclada.com.br\/fr\/wp-json\/wp\/v2\/comments?post=77"}],"version-history":[{"count":1,"href":"https:\/\/euro.artereciclada.com.br\/fr\/wp-json\/wp\/v2\/posts\/77\/revisions"}],"predecessor-version":[{"id":78,"href":"https:\/\/euro.artereciclada.com.br\/fr\/wp-json\/wp\/v2\/posts\/77\/revisions\/78"}],"wp:featuredmedia":[{"embeddable":true,"href":"https:\/\/euro.artereciclada.com.br\/fr\/wp-json\/wp\/v2\/media\/114"}],"wp:attachment":[{"href":"https:\/\/euro.artereciclada.com.br\/fr\/wp-json\/wp\/v2\/media?parent=77"}],"wp:term":[{"taxonomy":"category","embeddable":true,"href":"https:\/\/euro.artereciclada.com.br\/fr\/wp-json\/wp\/v2\/categories?post=77"},{"taxonomy":"post_tag","embeddable":true,"href":"https:\/\/euro.artereciclada.com.br\/fr\/wp-json\/wp\/v2\/tags?post=77"}],"curies":[{"name":"wp","href":"https:\/\/api.w.org\/{rel}","templated":true}]}}