{"id":85,"date":"2025-02-03T16:11:12","date_gmt":"2025-02-03T22:11:12","guid":{"rendered":"https:\/\/euro.artereciclada.com.br\/?p=85"},"modified":"2025-02-04T12:29:01","modified_gmt":"2025-02-04T18:29:01","slug":"hair-trends-in-europe-the-most-popular-cuts-colors-and-styles","status":"publish","type":"post","link":"https:\/\/euro.artereciclada.com.br\/fr\/beauty-care\/hair-trends-in-europe-the-most-popular-cuts-colors-and-styles\/","title":{"rendered":"Tendances capillaires en Europe : Les coupes, couleurs et styles les plus populaires"},"content":{"rendered":"<p>L'Europe est le berceau de quelques-uns des pays les plus divers et les plus riches du monde. <strong>tendances capillaires innovantes<\/strong>Chaque pays apporte sa touche unique au monde en constante \u00e9volution de la mode capillaire. A partir de <strong>coupes parisiennes chics<\/strong> aux styles audacieux et ludiques de Londres et de Milan, les Europ\u00e9ens, hommes et femmes, continuent de montrer la voie en mati\u00e8re de mode. <strong>coupes de cheveux cr\u00e9atives<\/strong>, <strong>couleurs vives<\/strong>et <strong>des styles intemporels<\/strong>.<\/p>\n\n\n\n<p>Au <strong>Art europ\u00e9en<\/strong>Nous examinons de plus pr\u00e8s la plupart des <strong>coupes de cheveux populaires, couleurs<\/strong>et <strong>styles<\/strong> qui d\u00e9finissent les normes de beaut\u00e9 europ\u00e9ennes. Que vous soyez \u00e0 la recherche d'un <strong>coupe fra\u00eeche<\/strong>, <strong>une nouvelle couleur audacieuse<\/strong>Ce guide vous aidera \u00e0 trouver l'inspiration dans les derni\u00e8res tendances europ\u00e9ennes.<\/p>\n\n\n\n<hr class=\"wp-block-separator has-alpha-channel-opacity\"\/>\n\n\n\n<h2 class=\"wp-block-heading\"><strong>1. Les coupes de cheveux les plus populaires en Europe<\/strong><\/h2>\n\n\n\n<h3 class=\"wp-block-heading\"><strong>Bob \u00e9point\u00e9 : Chic parisien<\/strong><\/h3>\n\n\n\n<p>Les <strong>bob \u00e9mouss\u00e9<\/strong> continue de r\u00e9gner en tant que <strong>coupe de cheveux classique et intemporelle<\/strong>. Popularis\u00e9 par <strong>Les femmes parisiennes embl\u00e9matiques<\/strong>La coupe droite est connue pour son \u00e9l\u00e9gance et sa sophistication. Il s'agit d'un look polyvalent qui convient aussi bien aux hommes qu'aux femmes. <strong>cheveux fins et \u00e9pais<\/strong> et peuvent \u00eatre adapt\u00e9s \u00e0 diff\u00e9rentes formes de visage.<\/p>\n\n\n\n<h4 class=\"wp-block-heading\"><strong>Pourquoi il est populaire :<\/strong><\/h4>\n\n\n\n<ul class=\"wp-block-list\">\n<li>Les <strong>lignes droites et nettes<\/strong> exsuder l'\u00e9l\u00e9gance et faire une d\u00e9claration audacieuse.<\/li>\n\n\n\n<li>C'est <strong>peu d'entretien<\/strong> mais elle a toujours l'air bien organis\u00e9e.<\/li>\n\n\n\n<li>Id\u00e9al pour ceux qui souhaitent une <strong>aspect propre et moderne<\/strong> sans couches excessives.<\/li>\n<\/ul>\n\n\n\n<h4 class=\"wp-block-heading\"><strong>Inspiration des c\u00e9l\u00e9brit\u00e9s :<\/strong><\/h4>\n\n\n\n<ul class=\"wp-block-list\">\n<li><strong>Alexa Chung<\/strong> et <strong>Victoria Beckham<\/strong> ont port\u00e9 ce style, d\u00e9montrant ainsi sa polyvalence.<\/li>\n<\/ul>\n\n\n\n<hr class=\"wp-block-separator has-alpha-channel-opacity\"\/>\n\n\n\n<h3 class=\"wp-block-heading\"><strong>La coupe Shag : Le bord moderne<\/strong><\/h3>\n\n\n\n<p>Les <strong>coupe hirsute<\/strong> est un jeu, <strong>style superpos\u00e9<\/strong> qui offre texture et volume. Populaire en <strong>Scandinavie<\/strong> et <strong>Londres<\/strong>La coupe hirsute est id\u00e9ale pour celles qui souhaitent une coiffure \u00e0 la fois <strong>\u00e9nergique<\/strong> et <strong>facile \u00e0 entretenir<\/strong>. Il convient aussi bien aux cheveux courts qu'aux cheveux longs et peut \u00eatre coiff\u00e9 avec des ondulations naturelles pour un look sans souci et sans effort.<\/p>\n\n\n\n<h4 class=\"wp-block-heading\"><strong>Pourquoi il est populaire :<\/strong><\/h4>\n\n\n\n<ul class=\"wp-block-list\">\n<li>Il ajoute <strong>volume<\/strong> et <strong>mouvement<\/strong> sans \u00eatre trop structur\u00e9.<\/li>\n\n\n\n<li>Parfait pour <strong>cheveux ondul\u00e9s ou boucl\u00e9s<\/strong>.<\/li>\n\n\n\n<li>A <strong>choix audacieux et tendance<\/strong> qui fait une d\u00e9claration.<\/li>\n<\/ul>\n\n\n\n<h4 class=\"wp-block-heading\"><strong>Inspiration des c\u00e9l\u00e9brit\u00e9s :<\/strong><\/h4>\n\n\n\n<ul class=\"wp-block-list\">\n<li><strong>Charlize Theron<\/strong> et <strong>Lily Collins<\/strong> ont adopt\u00e9 le shag pour ses qualit\u00e9s <strong>ambiance rock-chic<\/strong>.<\/li>\n<\/ul>\n\n\n\n<hr class=\"wp-block-separator has-alpha-channel-opacity\"\/>\n\n\n\n<h3 class=\"wp-block-heading\"><strong>La coupe Pixie : Audacieuse et f\u00e9minine<\/strong><\/h3>\n\n\n\n<p>Les <strong>coupe pixie<\/strong> reste l'une des plus importantes <strong>coiffures courtes embl\u00e9matiques<\/strong> en Europe, notamment dans des villes comme <strong>Paris<\/strong> et <strong>Berlin<\/strong>. Connu pour ses <strong>un attrait \u00e0 la fois f\u00e9minin et audacieux<\/strong>La coupe pixie est une coupe de cheveux affirm\u00e9e qui demande de l'assurance et un amour de la simplicit\u00e9. Elle est particuli\u00e8rement populaire chez les <strong>milieux urbains<\/strong>o\u00f9 les personnes \u00e0 la pointe de la mode adoptent le court m\u00e9trage, <strong>look structur\u00e9<\/strong>.<\/p>\n\n\n\n<h4 class=\"wp-block-heading\"><strong>Pourquoi il est populaire :<\/strong><\/h4>\n\n\n\n<ul class=\"wp-block-list\">\n<li>Il s'agit d'un <strong>choix audacieux<\/strong> pour celles qui veulent s'\u00e9loigner des cheveux longs traditionnels.<\/li>\n\n\n\n<li>C'est <strong>polyvalent<\/strong>-Ils peuvent \u00eatre coiff\u00e9s de fa\u00e7on lisse, d\u00e9sordonn\u00e9e ou textur\u00e9e.<\/li>\n\n\n\n<li>Fonctionne bien avec <strong>cheveux fins<\/strong> et peut donner l'illusion d'un volume plus important.<\/li>\n<\/ul>\n\n\n\n<h4 class=\"wp-block-heading\"><strong>Inspiration des c\u00e9l\u00e9brit\u00e9s :<\/strong><\/h4>\n\n\n\n<ul class=\"wp-block-list\">\n<li><strong>Audrey Hepburn<\/strong> est la source d'inspiration classique de la coupe pixie, mais les stars d'aujourd'hui comme <strong>Emma Watson<\/strong> l'ont red\u00e9fini avec leurs variations chics.<\/li>\n<\/ul>\n\n\n\n<hr class=\"wp-block-separator has-alpha-channel-opacity\"\/>\n\n\n\n<h3 class=\"wp-block-heading\"><strong>Longues couches : Le glamour \u00e0 l'\u00e9tat pur<\/strong><\/h3>\n\n\n\n<p>Les coupes longues et d\u00e9grad\u00e9es sont toujours tr\u00e8s appr\u00e9ci\u00e9es dans de nombreux pays europ\u00e9ens, en particulier dans les pays d'Europe centrale et orientale. <strong>Italie<\/strong> et <strong>Espagne<\/strong>o\u00f9 <strong>glamour sans effort<\/strong> est la cl\u00e9. Les couches ajoutent du volume, de la texture et du mouvement aux cheveux longs, ce qui en fait un choix de pr\u00e9dilection pour celles qui aiment les cheveux longs. <strong>des looks doux et romantiques<\/strong>. Ce style est particuli\u00e8rement flatteur pour les personnes ayant <strong>cheveux \u00e9pais<\/strong> ou ceux qui veulent un peu plus <strong>volume et forme<\/strong> sans sacrifier la longueur.<\/p>\n\n\n\n<h4 class=\"wp-block-heading\"><strong>Pourquoi il est populaire :<\/strong><\/h4>\n\n\n\n<ul class=\"wp-block-list\">\n<li><strong>Douceur et f\u00e9minit\u00e9<\/strong> et <strong>polyvalent<\/strong>.<\/li>\n\n\n\n<li>Fonctionne bien avec <strong>vagues naturelles<\/strong> ou peuvent \u00eatre coiff\u00e9s de mani\u00e8re \u00e9l\u00e9gante pour un look plus sophistiqu\u00e9.<\/li>\n\n\n\n<li><strong>Peu d'entretien<\/strong> mais chic sans effort.<\/li>\n<\/ul>\n\n\n\n<h4 class=\"wp-block-heading\"><strong>Inspiration des c\u00e9l\u00e9brit\u00e9s :<\/strong><\/h4>\n\n\n\n<ul class=\"wp-block-list\">\n<li><strong>Gisele B\u00fcndchen<\/strong> et <strong>Blake Lively<\/strong> sont des exemples parfaits de la fa\u00e7on de coiffer de longues couches de mani\u00e8re naturelle et glamour.<\/li>\n<\/ul>\n\n\n\n<hr class=\"wp-block-separator has-alpha-channel-opacity\"\/>\n\n\n\n<h2 class=\"wp-block-heading\"><strong>2. Les couleurs de cheveux les plus populaires en Europe<\/strong><\/h2>\n\n\n\n<h3 class=\"wp-block-heading\"><strong>Blonde : Le grand classique europ\u00e9en<\/strong><\/h3>\n\n\n\n<p>Le blond reste l'une des teintes les plus embl\u00e9matiques et les plus recherch\u00e9es en Europe. <strong>nuances de blond<\/strong> particuli\u00e8rement populaire dans les pays de l'Union europ\u00e9enne. <strong>Scandinavie<\/strong>. A partir de <strong>platine glac\u00e9<\/strong> \u00e0 <strong>tons chauds et dor\u00e9s<\/strong>Le blond continue d'\u00eatre un favori pour ceux qui recherchent une <strong>une apparence brillante et jeune<\/strong>.<\/p>\n\n\n\n<h4 class=\"wp-block-heading\"><strong>Pourquoi il est populaire :<\/strong><\/h4>\n\n\n\n<ul class=\"wp-block-list\">\n<li><strong>Eclaircit le teint<\/strong> et donne de l'\u00e9clat.<\/li>\n\n\n\n<li>Polyvalent : peut aller de <strong>des points forts subtils<\/strong> \u00e0 <strong>platine audacieux<\/strong>.<\/li>\n\n\n\n<li>Fonctionne bien dans les deux cas <strong>cheveux courts et longs<\/strong>.<\/li>\n<\/ul>\n\n\n\n<h4 class=\"wp-block-heading\"><strong>Inspiration des c\u00e9l\u00e9brit\u00e9s :<\/strong><\/h4>\n\n\n\n<ul class=\"wp-block-list\">\n<li><strong>Margot Robbie<\/strong> et <strong>Blake Lively<\/strong> souvent des teintes blondes, montrant comment le blond peut \u00eatre coiff\u00e9 en <strong>de multiples fa\u00e7ons<\/strong>.<\/li>\n<\/ul>\n\n\n\n<hr class=\"wp-block-separator has-alpha-channel-opacity\"\/>\n\n\n\n<h3 class=\"wp-block-heading\"><strong>Brunette : Chaleur et richesse<\/strong><\/h3>\n\n\n\n<p>Riche <strong>tons bruns<\/strong>de chocolat profond \u00e0 l'huile d'olive. <strong>ch\u00e2taigne<\/strong> et <strong>caramel<\/strong>Ils sont aim\u00e9s dans toute l'Europe. <strong>Italie<\/strong> et <strong>Espagne<\/strong> pour leur <strong>chaleur<\/strong> et <strong>profondeur<\/strong>. Les cheveux bruns sont connus pour leur capacit\u00e9 \u00e0 cr\u00e9er un effet de surprise. <strong>look intemporel et sophistiqu\u00e9<\/strong>et il s'associe parfaitement avec les deux <strong>tons chauds et froids<\/strong>.<\/p>\n\n\n\n<h4 class=\"wp-block-heading\"><strong>Pourquoi il est populaire :<\/strong><\/h4>\n\n\n\n<ul class=\"wp-block-list\">\n<li><strong>Sophistiqu\u00e9 et \u00e9l\u00e9gant<\/strong>.<\/li>\n\n\n\n<li>Offre une dimension naturelle et <strong>briller<\/strong>.<\/li>\n\n\n\n<li><strong>Teintes lumineuses<\/strong> comme le caramel et le miel apportent de la chaleur au visage.<\/li>\n<\/ul>\n\n\n\n<h4 class=\"wp-block-heading\"><strong>Inspiration des c\u00e9l\u00e9brit\u00e9s :<\/strong><\/h4>\n\n\n\n<ul class=\"wp-block-list\">\n<li><strong>Jennifer Lopez<\/strong> et <strong>Kendall Jenner<\/strong> sont c\u00e9l\u00e8bres pour leurs m\u00e8ches brunes et \u00e9clatantes de sant\u00e9.<\/li>\n<\/ul>\n\n\n\n<hr class=\"wp-block-separator has-alpha-channel-opacity\"\/>\n\n\n\n<h3 class=\"wp-block-heading\"><strong>Rouge : audacieux et vibrant<\/strong><\/h3>\n\n\n\n<p>Les cheveux roux sont l'un des <strong>le plus audacieux<\/strong> et la plupart des <strong>couleurs de cheveux audacieuses<\/strong> dans toute l'Europe. A partir de <strong>cuivre ardent<\/strong> \u00e0 <strong>auburn fonc\u00e9<\/strong>Les cheveux roux sont souvent adopt\u00e9s dans les <strong>Irlande<\/strong>, <strong>le Royaume-Uni<\/strong>et <strong>France<\/strong>. Le rouge est un <strong>une couleur qui attire l'attention<\/strong>Il s'agit donc d'un choix de premier ordre pour ceux qui souhaitent se d\u00e9marquer.<\/p>\n\n\n\n<h4 class=\"wp-block-heading\"><strong>Pourquoi il est populaire :<\/strong><\/h4>\n\n\n\n<ul class=\"wp-block-list\">\n<li><strong>Unique et accrocheur<\/strong>.<\/li>\n\n\n\n<li>Ajouts <strong>dynamisme<\/strong> et <strong>chaleur<\/strong> \u00e0 votre look g\u00e9n\u00e9ral.<\/li>\n\n\n\n<li><strong>Convient \u00e0 une vari\u00e9t\u00e9 de tons de peau<\/strong>en particulier les teints clairs et moyens.<\/li>\n<\/ul>\n\n\n\n<h4 class=\"wp-block-heading\"><strong>Inspiration des c\u00e9l\u00e9brit\u00e9s :<\/strong><\/h4>\n\n\n\n<ul class=\"wp-block-list\">\n<li><strong>Jessica Chastain<\/strong> et <strong>Emma Stone<\/strong> ont cr\u00e9\u00e9 la tendance avec leurs m\u00e8ches rouges audacieuses.<\/li>\n<\/ul>\n\n\n\n<hr class=\"wp-block-separator has-alpha-channel-opacity\"\/>\n\n\n\n<h3 class=\"wp-block-heading\"><strong>Pastels : Ludique et tendance<\/strong><\/h3>\n\n\n\n<p>Dans des villes comme <strong>Londres<\/strong> et <strong>Berlin<\/strong>Les couleurs de cheveux pastel telles que <strong>lavande<\/strong>, <strong>vert menthe<\/strong>et <strong>rose b\u00e9b\u00e9<\/strong> sont devenues une tendance populaire, en particulier pour ceux qui aiment exp\u00e9rimenter les couleurs. Ces teintes s'inscrivent dans une <strong>exp\u00e9rimental<\/strong> Une tendance europ\u00e9enne qui fait la part belle \u00e0 la cr\u00e9ativit\u00e9 et \u00e0 l'innovation. <strong>expression individuelle<\/strong>.<\/p>\n\n\n\n<h4 class=\"wp-block-heading\"><strong>Pourquoi il est populaire :<\/strong><\/h4>\n\n\n\n<ul class=\"wp-block-list\">\n<li><strong>Amusant, ludique et audacieux<\/strong>.<\/li>\n\n\n\n<li>Id\u00e9al pour ceux qui veulent essayer quelque chose <strong>non conventionnel<\/strong>.<\/li>\n\n\n\n<li>Fonctionne bien dans les deux cas <strong>coiffures courtes et longues<\/strong>.<\/li>\n<\/ul>\n\n\n\n<h4 class=\"wp-block-heading\"><strong>Inspiration des c\u00e9l\u00e9brit\u00e9s :<\/strong><\/h4>\n\n\n\n<ul class=\"wp-block-list\">\n<li><strong>Billie Eilish<\/strong> et <strong>Kylie Jenner<\/strong> ont adopt\u00e9 des teintes pastel, d\u00e9montrant ainsi la polyvalence de cette tendance.<\/li>\n<\/ul>\n\n\n\n<hr class=\"wp-block-separator has-alpha-channel-opacity\"\/>\n\n\n\n<h2 class=\"wp-block-heading\"><strong>3. Les coiffures les plus populaires en Europe<\/strong><\/h2>\n\n\n\n<h3 class=\"wp-block-heading\"><strong>Ondes naturelles : Une \u00e9l\u00e9gance sans faille<\/strong><\/h3>\n\n\n\n<p>Les vagues naturelles sont tr\u00e8s populaires dans les pays europ\u00e9ens avec <strong>climats c\u00f4tiers<\/strong>comme <strong>Espagne<\/strong> et <strong>Portugal<\/strong>o\u00f9 le look d\u00e9contract\u00e9 et baln\u00e9aire est un mode de vie. <strong>Vagues de plage<\/strong> donnent \u00e0 la chevelure un aspect sans effort, <strong>aspect textur\u00e9<\/strong>Ils sont parfaits \u00e0 la fois pour <strong>cheveux longs et mi-longs<\/strong>.<\/p>\n\n\n\n<h4 class=\"wp-block-heading\"><strong>Pourquoi il est populaire :<\/strong><\/h4>\n\n\n\n<ul class=\"wp-block-list\">\n<li>Il cr\u00e9e un <strong>look chic et sans effort<\/strong>.<\/li>\n\n\n\n<li>Parfait pour ceux qui ont <strong>texture naturelle<\/strong>.<\/li>\n\n\n\n<li><strong>Peu d'entretien<\/strong> et facile \u00e0 coiffer.<\/li>\n<\/ul>\n\n\n\n<h4 class=\"wp-block-heading\"><strong>Inspiration des c\u00e9l\u00e9brit\u00e9s :<\/strong><\/h4>\n\n\n\n<ul class=\"wp-block-list\">\n<li><strong>Gisele B\u00fcndchen<\/strong> et <strong>Bella Hadid<\/strong> sont souvent vus en train de balancer le <strong>vague de plage<\/strong> regarder.<\/li>\n<\/ul>\n\n\n\n<hr class=\"wp-block-separator has-alpha-channel-opacity\"\/>\n\n\n\n<h3 class=\"wp-block-heading\"><strong>Lisse et droit : Le look europ\u00e9en intemporel<\/strong><\/h3>\n\n\n\n<p>Les cheveux raides et lisses sont la <strong>style europ\u00e9en classique<\/strong> qui ne se d\u00e9mode jamais. Ce look, populaire en <strong>France<\/strong> et <strong>Italie<\/strong>Il s'agit de <strong>haute brillance<\/strong> et <strong>sophistication raffin\u00e9e<\/strong>. Il s'agit d'un look minimaliste qui met en valeur <strong>des cheveux sains et brillants<\/strong>.<\/p>\n\n\n\n<h4 class=\"wp-block-heading\"><strong>Pourquoi il est populaire :<\/strong><\/h4>\n\n\n\n<ul class=\"wp-block-list\">\n<li><strong>Intemporel, propre et \u00e9l\u00e9gant<\/strong>.<\/li>\n\n\n\n<li>Parfait pour les \u00e9v\u00e9nements formels ou les tenues de tous les jours.<\/li>\n\n\n\n<li>Fonctionne bien pour <strong>tous types de cheveux<\/strong>.<\/li>\n<\/ul>\n\n\n\n<h4 class=\"wp-block-heading\"><strong>Inspiration des c\u00e9l\u00e9brit\u00e9s :<\/strong><\/h4>\n\n\n\n<ul class=\"wp-block-list\">\n<li><strong>Victoria Beckham<\/strong> et <strong>Kim Kardashian<\/strong> ont fait des cheveux lisses et raides leur signature.<\/li>\n<\/ul>\n\n\n\n<hr class=\"wp-block-separator has-alpha-channel-opacity\"\/>\n\n\n\n<h2 class=\"wp-block-heading\"><strong>Conclusion : Tendances capillaires europ\u00e9ennes : diversit\u00e9 et innovation<\/strong><\/h2>\n\n\n\n<p>Les tendances capillaires en Europe sont incroyablement vari\u00e9es, refl\u00e9tant la richesse du paysage culturel du continent et l'\u00e9volution constante des normes de beaut\u00e9. Que vous pr\u00e9f\u00e9riez <strong>bobs classiques<\/strong> ou <strong>des teintes pastel audacieuses<\/strong>En Europe, la sc\u00e8ne capillaire propose des produits pour tous les go\u00fbts. A partir de <strong>brunes luxueuses<\/strong> \u00e0 <strong>des roux \u00e9clatants<\/strong> et le <strong>bob fran\u00e7ais sans effort<\/strong>Ces styles montrent que la beaut\u00e9 europ\u00e9enne est avant tout une affaire d'amour et de respect. <strong>expression personnelle<\/strong>, <strong>confiance<\/strong>et une touche de <strong>le sens de l'individualit\u00e9<\/strong>.<\/p>\n\n\n\n<p>Pour s'inspirer de la <strong>derni\u00e8res coupes de cheveux<\/strong>, <strong>couleurs<\/strong>et <strong>styles<\/strong> dans toute l'Europe, restez \u00e0 l'\u00e9coute <strong><a href=\"https:\/\/euro.artereciclada.com.br\/fr\/\">Art europ\u00e9en<\/a><\/strong> ou nous contacter \u00e0 l'adresse suivante <strong><a href=\"mailto:contact@setorreciclagem.com.br\">contact@setorreciclagem.com.br<\/a><\/strong>!<\/p>","protected":false},"excerpt":{"rendered":"<p>Europe is home to some of the most diverse and innovative hair trends, with each country contributing its own unique touch to the ever-evolving world of hair fashion. From chic Parisian cuts to the bold and playful styles seen in London and Milan, European women and men continue to lead the way when it comes [&hellip;]<\/p>","protected":false},"author":5,"featured_media":110,"comment_status":"open","ping_status":"open","sticky":false,"template":"","format":"standard","meta":{"footnotes":""},"categories":[6],"tags":[],"class_list":["post-85","post","type-post","status-publish","format-standard","has-post-thumbnail","hentry","category-beauty-care"],"blocksy_meta":[],"_links":{"self":[{"href":"https:\/\/euro.artereciclada.com.br\/fr\/wp-json\/wp\/v2\/posts\/85","targetHints":{"allow":["GET"]}}],"collection":[{"href":"https:\/\/euro.artereciclada.com.br\/fr\/wp-json\/wp\/v2\/posts"}],"about":[{"href":"https:\/\/euro.artereciclada.com.br\/fr\/wp-json\/wp\/v2\/types\/post"}],"author":[{"embeddable":true,"href":"https:\/\/euro.artereciclada.com.br\/fr\/wp-json\/wp\/v2\/users\/5"}],"replies":[{"embeddable":true,"href":"https:\/\/euro.artereciclada.com.br\/fr\/wp-json\/wp\/v2\/comments?post=85"}],"version-history":[{"count":1,"href":"https:\/\/euro.artereciclada.com.br\/fr\/wp-json\/wp\/v2\/posts\/85\/revisions"}],"predecessor-version":[{"id":86,"href":"https:\/\/euro.artereciclada.com.br\/fr\/wp-json\/wp\/v2\/posts\/85\/revisions\/86"}],"wp:featuredmedia":[{"embeddable":true,"href":"https:\/\/euro.artereciclada.com.br\/fr\/wp-json\/wp\/v2\/media\/110"}],"wp:attachment":[{"href":"https:\/\/euro.artereciclada.com.br\/fr\/wp-json\/wp\/v2\/media?parent=85"}],"wp:term":[{"taxonomy":"category","embeddable":true,"href":"https:\/\/euro.artereciclada.com.br\/fr\/wp-json\/wp\/v2\/categories?post=85"},{"taxonomy":"post_tag","embeddable":true,"href":"https:\/\/euro.artereciclada.com.br\/fr\/wp-json\/wp\/v2\/tags?post=85"}],"curies":[{"name":"wp","href":"https:\/\/api.w.org\/{rel}","templated":true}]}}