{"id":95,"date":"2025-02-03T16:45:32","date_gmt":"2025-02-03T22:45:32","guid":{"rendered":"https:\/\/euro.artereciclada.com.br\/?p=95"},"modified":"2025-02-04T12:19:24","modified_gmt":"2025-02-04T18:19:24","slug":"fashion-travel-must-visit-fashion-destinations-in-europe","status":"publish","type":"post","link":"https:\/\/euro.artereciclada.com.br\/fr\/lifestyle\/fashion-travel-must-visit-fashion-destinations-in-europe\/","title":{"rendered":"Voyages de mode : Destinations incontournables de la mode en Europe"},"content":{"rendered":"<p>L'Europe est un continent riche en culture, en histoire et, bien s\u00fbr, en mode. Des rues glamour de Paris \u00e0 la sc\u00e8ne du design avant-gardiste de Milan, <strong>amateurs de mode<\/strong> du monde entier affluent vers l'Europe pour ses destinations embl\u00e9matiques de la mode. Ces villes ne se contentent pas de mettre en valeur <strong>luxe et haute couture<\/strong> mais offrent \u00e9galement la possibilit\u00e9 de d\u00e9couvrir le <strong>\u00e9volution du style<\/strong>, de la mode urbaine aux podiums de haute couture.<\/p>\n\n\n\n<p>Au <strong>Art europ\u00e9en<\/strong>, nous avons dress\u00e9 une liste de <strong>les villes et destinations les plus en vogue<\/strong> en Europe pour ceux qui veulent se plonger dans le monde de la mode. Que vous soyez accro au shopping, fan de style intemporel ou que vous souhaitiez simplement explorer le c\u0153ur du design europ\u00e9en, ces villes ne manqueront pas d'inspirer le fashionista qui sommeille en vous.<\/p>\n\n\n\n<hr class=\"wp-block-separator has-alpha-channel-opacity\"\/>\n\n\n\n<h2 class=\"wp-block-heading\"><strong>1. Paris : la capitale mondiale de la mode<\/strong><\/h2>\n\n\n\n<h3 class=\"wp-block-heading\"><strong>Pourquoi Paris est une destination mode<\/strong><\/h3>\n\n\n\n<p>Paris est l'incarnation m\u00eame de <strong>\u00e9l\u00e9gance, sophistication<\/strong>et <strong>style<\/strong>. Berceau de la haute couture, elle est depuis longtemps consid\u00e9r\u00e9e comme la capitale mondiale de la mode. Elle abrite des cr\u00e9ateurs l\u00e9gendaires tels que <strong>Coco Chanel<\/strong>, <strong>Christian Dior<\/strong>et <strong>Louis Vuitton<\/strong>, Paris continue de dicter les tendances mondiales et de servir de <strong>centre de cr\u00e9ativit\u00e9 et de luxe<\/strong>.<\/p>\n\n\n\n<h4 class=\"wp-block-heading\"><strong>Que faire \u00e0 Paris :<\/strong><\/h4>\n\n\n\n<ul class=\"wp-block-list\">\n<li><strong>Visitez les maisons de haute couture<\/strong>: D\u00e9couvrez des maisons de couture embl\u00e9matiques telles que <strong>Chanel<\/strong>, <strong>Dior<\/strong>et <strong>Herm\u00e8s<\/strong> pour d\u00e9couvrir leurs derni\u00e8res collections. La plupart de ces boutiques proposent des exp\u00e9riences d'achat personnalis\u00e9es.<\/li>\n\n\n\n<li><strong>Mus\u00e9es de la mode<\/strong>: Le <strong>Mus\u00e9e Yves Saint Laurent<\/strong> et <strong>Mus\u00e9e de la Mode<\/strong> au Palais Galliera pr\u00e9sentent l'histoire et le savoir-faire artistique qui se cachent derri\u00e8re la mode parisienne.<\/li>\n\n\n\n<li><strong>Explorez Le Marais<\/strong>: Le quartier du Marais abrite un m\u00e9lange de <strong>boutiques haut de gamme<\/strong> et <strong>boutiques vintage<\/strong>, proposant \u00e0 la fois des articles de mode modernes et r\u00e9tro.<\/li>\n\n\n\n<li><strong>Assister \u00e0 la Fashion Week de Paris<\/strong>: Si vous avez la chance d'\u00eatre \u00e0 Paris pendant <strong>Semaine de la mode<\/strong>, vous pourrez d\u00e9couvrir certains des plus <strong>collections innovantes<\/strong> et des d\u00e9fil\u00e9s exclusifs.<\/li>\n<\/ul>\n\n\n\n<h3 class=\"wp-block-heading\"><strong>Meilleur moment pour visiter :<\/strong><\/h3>\n\n\n\n<ul class=\"wp-block-list\">\n<li><strong>Printemps et automne<\/strong> pour la Fashion Week de Paris et le temps cl\u00e9ment.<\/li>\n<\/ul>\n\n\n\n<hr class=\"wp-block-separator has-alpha-channel-opacity\"\/>\n\n\n\n<h2 class=\"wp-block-heading\"><strong>2. Milan : le c\u0153ur de la mode italienne<\/strong><\/h2>\n\n\n\n<h3 class=\"wp-block-heading\"><strong>Pourquoi Milan est une destination mode<\/strong><\/h3>\n\n\n\n<p>Milan est la <strong>capitale mondiale du design de mode<\/strong> et <strong>shopping de luxe<\/strong>. R\u00e9put\u00e9e pour son univers de la mode sophistiqu\u00e9 et haut de gamme, Milan accueille des cr\u00e9ateurs tels que <strong>Giorgio Armani<\/strong>, <strong>Versace<\/strong>et <strong>Prada<\/strong>. La ville est une <strong>m\u00e9lange parfait de modernit\u00e9<\/strong> et <strong>artisanat traditionnel<\/strong>, o\u00f9 la cr\u00e9ativit\u00e9 s'\u00e9panouit \u00e0 chaque coin de rue.<\/p>\n\n\n\n<h4 class=\"wp-block-heading\"><strong>Que faire \u00e0 Milan :<\/strong><\/h4>\n\n\n\n<ul class=\"wp-block-list\">\n<li><strong>Visitez le Quadrilat\u00e8re de la mode<\/strong>: Le <strong>Quadrilat\u00e8re de la mode<\/strong> est Milan <strong>quartier de la mode<\/strong>, o\u00f9 vous trouverez les boutiques les plus exclusives de marques telles que <strong>Gucci<\/strong>, <strong>Dolce &amp; Gabbana<\/strong>et <strong>Fendi<\/strong>.<\/li>\n\n\n\n<li><strong>Mus\u00e9es de la mode<\/strong>: Le <strong>Mus\u00e9e du design italien<\/strong> et <strong>Galerie Vittorio Emanuele II<\/strong> offrent un aper\u00e7u fascinant de l'histoire de la mode \u00e0 Milan.<\/li>\n\n\n\n<li><strong>Assister \u00e0 la Fashion Week de Milan<\/strong>: La Fashion Week de Milan est l'une des <strong>les \u00e9v\u00e9nements les plus importants du calendrier mondial de la mode<\/strong>, mettant en avant \u00e0 la fois les talents \u00e9mergents et les cr\u00e9ateurs confirm\u00e9s.<\/li>\n\n\n\n<li><strong>Explorez le quartier de Brera<\/strong>: Connu pour ses <strong>ambiance artistique<\/strong>, Le quartier de Brera propose \u00e9galement des boutiques de mode uniques et des magasins vintage.<\/li>\n<\/ul>\n\n\n\n<h3 class=\"wp-block-heading\"><strong>Meilleur moment pour visiter :<\/strong><\/h3>\n\n\n\n<ul class=\"wp-block-list\">\n<li><strong>F\u00e9vrier\/mars et septembre\/octobre<\/strong> pour la Fashion Week de Milan.<\/li>\n<\/ul>\n\n\n\n<hr class=\"wp-block-separator has-alpha-channel-opacity\"\/>\n\n\n\n<h2 class=\"wp-block-heading\"><strong>3. Londres : l\u00e0 o\u00f9 le style urbain rencontre le luxe<\/strong><\/h2>\n\n\n\n<h3 class=\"wp-block-heading\"><strong>Pourquoi Londres est une destination mode<\/strong><\/h3>\n\n\n\n<p>Londres abrite <strong>style urbain audacieux<\/strong>, mode avant-gardiste, et <strong>maisons de couture de luxe<\/strong>. De la <strong>influence streetwear<\/strong> de Shoreditch \u00e0 <strong>\u00e9l\u00e9gance de Savile Row<\/strong>, Londres allie la couture traditionnelle \u00e0 une \u00e9nergie jeune et cr\u00e9ative. La ville a produit <strong>des designers de renomm\u00e9e mondiale<\/strong> telles que <strong>Alexander McQueen<\/strong>, <strong>Burberry<\/strong>et <strong>Vivienne Westwood<\/strong>.<\/p>\n\n\n\n<h4 class=\"wp-block-heading\"><strong>Que faire \u00e0 Londres :<\/strong><\/h4>\n\n\n\n<ul class=\"wp-block-list\">\n<li><strong>Visitez Oxford Street et Bond Street<\/strong>Ce sont les hauts lieux du shopping \u00e0 Londres, o\u00f9 l'on trouve tout, depuis <strong>boutiques de luxe<\/strong> \u00e0 <strong>mode grand public<\/strong>.<\/li>\n\n\n\n<li><strong>D\u00e9couvrez Savile Row<\/strong>: R\u00e9put\u00e9e pour ses costumes sur mesure, Savile Row est un lieu incontournable pour tous ceux qui s'int\u00e9ressent \u00e0 la mode. <strong>couture britannique classique<\/strong>.<\/li>\n\n\n\n<li><strong>Expositions sur la mode au Victoria and Albert Museum<\/strong>: Ce mus\u00e9e accueille d'incroyables expositions consacr\u00e9es \u00e0 la mode, qui pr\u00e9sentent le meilleur de l'histoire de la mode britannique et des cr\u00e9ateurs contemporains.<\/li>\n\n\n\n<li><strong>Style urbain \u00e0 Shoreditch<\/strong>: D\u00e9couvrez le street art et la mode excentrique de Shoreditch, un quartier connu pour ses <strong>boutiques ind\u00e9pendantes<\/strong>, <strong>boutiques vintage<\/strong>et <strong>les habitants branch\u00e9s<\/strong>.<\/li>\n<\/ul>\n\n\n\n<h3 class=\"wp-block-heading\"><strong>Meilleur moment pour visiter :<\/strong><\/h3>\n\n\n\n<ul class=\"wp-block-list\">\n<li><strong>Septembre\/octobre<\/strong> pour la Fashion Week de Londres et les achats d'automne.<\/li>\n<\/ul>\n\n\n\n<hr class=\"wp-block-separator has-alpha-channel-opacity\"\/>\n\n\n\n<h2 class=\"wp-block-heading\"><strong>4. Barcelone : le chic m\u00e9diterran\u00e9en rencontre le design moderne<\/strong><\/h2>\n\n\n\n<h3 class=\"wp-block-heading\"><strong>Pourquoi Barcelone est une destination mode<\/strong><\/h3>\n\n\n\n<p>Barcelone, avec son <strong>Charme m\u00e9diterran\u00e9en<\/strong>, combine <strong>chic d\u00e9contract\u00e9<\/strong> avec <strong>design de mode innovant<\/strong>. R\u00e9put\u00e9e pour son \u00e9nergie juv\u00e9nile, sa cr\u00e9ativit\u00e9 et son architecture moderne, Barcelone offre une <strong>m\u00e9lange unique de haute couture et de style boh\u00e8me<\/strong>. Des designers comme <strong>Manolo Blahnik<\/strong> et <strong>Custo Barcelone<\/strong> ont laiss\u00e9 leur empreinte dans le milieu de la mode de la ville.<\/p>\n\n\n\n<h4 class=\"wp-block-heading\"><strong>Que faire \u00e0 Barcelone :<\/strong><\/h4>\n\n\n\n<ul class=\"wp-block-list\">\n<li><strong>Passeig de Gr\u00e0cia<\/strong>: Cette avenue est bord\u00e9e de boutiques de luxe telles que <strong>Louis Vuitton<\/strong> et <strong>Chanel<\/strong>, ainsi que des cr\u00e9ateurs locaux qui pr\u00e9sentent leurs cr\u00e9ations. <strong>mode avant-gardiste<\/strong>.<\/li>\n\n\n\n<li><strong>El Born et le quartier gothique<\/strong>: Explorez les boutiques branch\u00e9es et les magasins vintage pour d\u00e9nicher des articles uniques et <strong>v\u00eatements de style boh\u00e8me<\/strong>.<\/li>\n\n\n\n<li><strong>Expositions de mode au Museu del Disseny<\/strong>Ce mus\u00e9e pr\u00e9sente l'histoire et l'\u00e9volution de la mode, du design et des arts textiles.<\/li>\n\n\n\n<li><strong>Assistez au 080 Barcelona Fashion<\/strong>Cet \u00e9v\u00e9nement annuel est une c\u00e9l\u00e9bration de <strong>Mode catalane<\/strong> et <strong>designers prometteurs<\/strong>.<\/li>\n<\/ul>\n\n\n\n<h3 class=\"wp-block-heading\"><strong>Meilleur moment pour visiter :<\/strong><\/h3>\n\n\n\n<ul class=\"wp-block-list\">\n<li><strong>Printemps et \u00e9t\u00e9<\/strong> pour le climat m\u00e9diterran\u00e9en chaud et le style urbain dynamique.<\/li>\n<\/ul>\n\n\n\n<hr class=\"wp-block-separator has-alpha-channel-opacity\"\/>\n\n\n\n<h2 class=\"wp-block-heading\"><strong>5. Paris, Milan, Londres et bien d'autres encore : les villes de la mode en plein essor<\/strong><\/h2>\n\n\n\n<h3 class=\"wp-block-heading\"><strong>Pourquoi ces villes sont importantes<\/strong><\/h3>\n\n\n\n<p>Outre les capitales classiques de la mode, plusieurs autres villes europ\u00e9ennes s'imposent d\u00e9sormais comme des destinations mode importantes \u00e0 part enti\u00e8re. Des villes telles que <strong>Copenhague<\/strong>, <strong>Berlin<\/strong>et <strong>Amsterdam<\/strong> deviennent des p\u00f4les pour <strong>mode durable<\/strong>, <strong>culture streetwear<\/strong>et <strong>designs cr\u00e9atifs et exp\u00e9rimentaux<\/strong>.<\/p>\n\n\n\n<h4 class=\"wp-block-heading\"><strong>Villes incontournables \u00e0 visiter :<\/strong><\/h4>\n\n\n\n<ul class=\"wp-block-list\">\n<li><strong>Copenhague<\/strong>: Connu pour ses <strong>esth\u00e9tique minimaliste<\/strong> et l'accent mis sur <strong>mode durable<\/strong>, Copenhague est en train de devenir une <strong>ville incontournable<\/strong> pour les amateurs de mode soucieux de l'environnement.<\/li>\n\n\n\n<li><strong>Berlin<\/strong>Berlin offre un <strong>sc\u00e8ne mode dynamique et avant-gardiste<\/strong>, avec des designers qui exp\u00e9rimentent de nouvelles formes d'expression, en particulier dans <strong>v\u00eatements urbains<\/strong> et <strong>mode artisanale<\/strong>.<\/li>\n\n\n\n<li><strong>Amsterdam<\/strong>: Connu pour ses <strong>style urbain avant-gardiste<\/strong>, Les boutiques d'Amsterdam pr\u00e9sentent un m\u00e9lange de <strong>\u00e9clectique<\/strong>, <strong>durable<\/strong>et <strong>cr\u00e9ations haute couture<\/strong>.<\/li>\n<\/ul>\n\n\n\n<hr class=\"wp-block-separator has-alpha-channel-opacity\"\/>\n\n\n\n<h2 class=\"wp-block-heading\"><strong>6. Les Fashion Weeks de Paris et Milan : les exp\u00e9riences mode ultimes<\/strong><\/h2>\n\n\n\n<h3 class=\"wp-block-heading\"><strong>Pourquoi la Fashion Week est un \u00e9v\u00e9nement mondial<\/strong><\/h3>\n\n\n\n<p>Si vous \u00eates un v\u00e9ritable passionn\u00e9 de mode, assister \u00e0 <strong>Semaine de la mode \u00e0 Paris<\/strong> ou <strong>Semaine de la mode \u00e0 Milan<\/strong> est le r\u00eave ultime. Ces \u00e9v\u00e9nements rassemblent <strong>grands cr\u00e9ateurs<\/strong>, <strong>professionnels du secteur<\/strong>et <strong>influenceurs mode<\/strong> du monde entier pour d\u00e9couvrir les prochaines grandes tendances.<\/p>\n\n\n\n<h4 class=\"wp-block-heading\"><strong>\u00c0 quoi s'attendre :<\/strong><\/h4>\n\n\n\n<ul class=\"wp-block-list\">\n<li><strong>Des places au premier rang pour les d\u00e9fil\u00e9s<\/strong> pr\u00e9sentation <strong>collections de luxe<\/strong> et <strong>mode avant-gardiste<\/strong>.<\/li>\n\n\n\n<li><strong>\u00c9v\u00e9nements exclusifs<\/strong> et des after-parties o\u00f9 vous pourrez rencontrer <strong>ic\u00f4nes de la mode<\/strong> et <strong>leaders du secteur<\/strong>.<\/li>\n\n\n\n<li><strong>Acc\u00e8s aux coulisses<\/strong> pour d\u00e9couvrir le processus cr\u00e9atif des grands designers et des talents \u00e9mergents.<\/li>\n<\/ul>\n\n\n\n<h3 class=\"wp-block-heading\"><strong>Meilleur moment pour visiter :<\/strong><\/h3>\n\n\n\n<ul class=\"wp-block-list\">\n<li><strong>Semaine de la mode \u00e0 Paris<\/strong>: <strong>F\u00e9vrier\/mars<\/strong> et <strong>Septembre\/octobre<\/strong>.<\/li>\n\n\n\n<li><strong>Semaine de la mode \u00e0 Milan<\/strong>: <strong>F\u00e9vrier\/mars<\/strong> et <strong>Septembre\/octobre<\/strong>.<\/li>\n<\/ul>\n\n\n\n<hr class=\"wp-block-separator has-alpha-channel-opacity\"\/>\n\n\n\n<h2 class=\"wp-block-heading\"><strong>Conclusion : Voyage mode en Europe<\/strong><\/h2>\n\n\n\n<p>L'Europe offre un <strong>paysage de la mode diversifi\u00e9 et en constante \u00e9volution<\/strong>, o\u00f9 luxe, style urbain et cr\u00e9ativit\u00e9 s'allient en parfaite harmonie. Que vous visitiez les capitales de la mode <strong>Paris, Milan et Londres<\/strong>, ou d\u00e9couvrir les sc\u00e8nes mode \u00e9mergentes dans des villes comme <strong>Copenhague<\/strong> et <strong>Berlin<\/strong>, L'Europe offre d'innombrables possibilit\u00e9s de se plonger dans l'univers de la mode.<\/p>\n\n\n\n<p>Quelle que soit votre destination, les destinations mode europ\u00e9ennes vous inspireront et vous plongeront dans la cr\u00e9ativit\u00e9, l'innovation et l'\u00e9l\u00e9gance qui d\u00e9finissent leur identit\u00e9 culturelle. Pour plus de conseils de voyage sur les destinations mode europ\u00e9ennes, rendez-vous sur <strong><a href=\"https:\/\/euro.artereciclada.com.br\/fr\/\">Art europ\u00e9en<\/a><\/strong> ou nous contacter \u00e0 l'adresse suivante <strong><a href=\"mailto:contact@setorreciclagem.com.br\">contact@setorreciclagem.com.br<\/a><\/strong>.<\/p>","protected":false},"excerpt":{"rendered":"<p>Europe is a continent rich in culture, history, and, of course, fashion. From the glamorous streets of Paris to the cutting-edge design scene in Milan, fashion lovers around the world flock to Europe for its iconic fashion destinations. These cities not only showcase luxury and high-end couture but also offer a chance to experience the [&hellip;]<\/p>","protected":false},"author":5,"featured_media":103,"comment_status":"open","ping_status":"open","sticky":false,"template":"","format":"standard","meta":{"footnotes":""},"categories":[7],"tags":[],"class_list":["post-95","post","type-post","status-publish","format-standard","has-post-thumbnail","hentry","category-lifestyle"],"blocksy_meta":[],"_links":{"self":[{"href":"https:\/\/euro.artereciclada.com.br\/fr\/wp-json\/wp\/v2\/posts\/95","targetHints":{"allow":["GET"]}}],"collection":[{"href":"https:\/\/euro.artereciclada.com.br\/fr\/wp-json\/wp\/v2\/posts"}],"about":[{"href":"https:\/\/euro.artereciclada.com.br\/fr\/wp-json\/wp\/v2\/types\/post"}],"author":[{"embeddable":true,"href":"https:\/\/euro.artereciclada.com.br\/fr\/wp-json\/wp\/v2\/users\/5"}],"replies":[{"embeddable":true,"href":"https:\/\/euro.artereciclada.com.br\/fr\/wp-json\/wp\/v2\/comments?post=95"}],"version-history":[{"count":1,"href":"https:\/\/euro.artereciclada.com.br\/fr\/wp-json\/wp\/v2\/posts\/95\/revisions"}],"predecessor-version":[{"id":96,"href":"https:\/\/euro.artereciclada.com.br\/fr\/wp-json\/wp\/v2\/posts\/95\/revisions\/96"}],"wp:featuredmedia":[{"embeddable":true,"href":"https:\/\/euro.artereciclada.com.br\/fr\/wp-json\/wp\/v2\/media\/103"}],"wp:attachment":[{"href":"https:\/\/euro.artereciclada.com.br\/fr\/wp-json\/wp\/v2\/media?parent=95"}],"wp:term":[{"taxonomy":"category","embeddable":true,"href":"https:\/\/euro.artereciclada.com.br\/fr\/wp-json\/wp\/v2\/categories?post=95"},{"taxonomy":"post_tag","embeddable":true,"href":"https:\/\/euro.artereciclada.com.br\/fr\/wp-json\/wp\/v2\/tags?post=95"}],"curies":[{"name":"wp","href":"https:\/\/api.w.org\/{rel}","templated":true}]}}