{"id":85,"date":"2025-02-03T16:11:12","date_gmt":"2025-02-03T22:11:12","guid":{"rendered":"https:\/\/euro.artereciclada.com.br\/?p=85"},"modified":"2025-02-04T12:29:01","modified_gmt":"2025-02-04T18:29:01","slug":"hair-trends-in-europe-the-most-popular-cuts-colors-and-styles","status":"publish","type":"post","link":"https:\/\/euro.artereciclada.com.br\/it\/beauty-care\/hair-trends-in-europe-the-most-popular-cuts-colors-and-styles\/","title":{"rendered":"Tendenze dei capelli in Europa: I tagli, i colori e gli stili pi\u00f9 popolari"},"content":{"rendered":"<p>L'Europa \u00e8 la patria di alcune delle pi\u00f9 diverse e <strong>tendenze innovative per i capelli<\/strong>Ogni Paese contribuisce con il suo tocco unico al mondo in continua evoluzione della moda dei capelli. Da <strong>tagli parigini chic<\/strong> agli stili audaci e giocosi visti a Londra e a Milano, le donne e gli uomini europei continuano a fare da apripista quando si tratta di <strong>tagli di capelli creativi<\/strong>, <strong>colori vivaci<\/strong>, e <strong>stili senza tempo<\/strong>.<\/p>\n\n\n\n<p>A <strong>Euro Art<\/strong>, diamo un'occhiata pi\u00f9 da vicino ai pi\u00f9 <strong>tagli di capelli e colori popolari<\/strong>, e <strong>stili<\/strong> che stanno definendo gli standard di bellezza europei. Se siete alla ricerca di un <strong>taglio fresco<\/strong>, <strong>nuovo colore audace<\/strong>o semplicemente per aggiornare il vostro stile, questa guida vi aiuter\u00e0 a trovare ispirazione dalle ultime tendenze europee.<\/p>\n\n\n\n<hr class=\"wp-block-separator has-alpha-channel-opacity\"\/>\n\n\n\n<h2 class=\"wp-block-heading\"><strong>1. I tagli di capelli pi\u00f9 popolari in Europa<\/strong><\/h2>\n\n\n\n<h3 class=\"wp-block-heading\"><strong>Bob smussato: Chic parigino<\/strong><\/h3>\n\n\n\n<p>Il <strong>bob smussato<\/strong> continua a regnare come <strong>taglio di capelli classico e senza tempo<\/strong>. Diffuso da <strong>donne iconiche parigine<\/strong>Questo taglio dritto \u00e8 noto per la sua eleganza e raffinatezza. Si tratta di un look versatile che pu\u00f2 essere utilizzato sia per <strong>capelli fini e spessi<\/strong> e pu\u00f2 essere adattato alle diverse forme del viso.<\/p>\n\n\n\n<h4 class=\"wp-block-heading\"><strong>Perch\u00e9 \u00e8 popolare:<\/strong><\/h4>\n\n\n\n<ul class=\"wp-block-list\">\n<li>Il <strong>linee dritte e nette<\/strong> trasudano eleganza e fanno una dichiarazione audace.<\/li>\n\n\n\n<li>E' <strong>bassa manutenzione<\/strong> ma ha sempre un aspetto curato.<\/li>\n\n\n\n<li>Ideale per chi desidera un <strong>look pulito e moderno<\/strong> senza stratificazioni eccessive.<\/li>\n<\/ul>\n\n\n\n<h4 class=\"wp-block-heading\"><strong>Ispirazione delle celebrit\u00e0:<\/strong><\/h4>\n\n\n\n<ul class=\"wp-block-list\">\n<li><strong>Alexa Chung<\/strong> e <strong>Victoria Beckham<\/strong> hanno sfoggiato questo stile, dimostrando la sua versatilit\u00e0.<\/li>\n<\/ul>\n\n\n\n<hr class=\"wp-block-separator has-alpha-channel-opacity\"\/>\n\n\n\n<h3 class=\"wp-block-heading\"><strong>Il taglio Shag: Bordo moderno<\/strong><\/h3>\n\n\n\n<p>Il <strong>taglio shag<\/strong> \u00e8 un gioco, <strong>stile a strati<\/strong> che offre consistenza e volume. Popolare in <strong>Scandinavia<\/strong> e <strong>Londra<\/strong>Il taglio shag \u00e8 l'ideale per chi vuole un'acconciatura che sia al tempo stesso <strong>tagliente<\/strong> e <strong>facile da mantenere<\/strong>. Funziona bene sia sui capelli corti che su quelli lunghi e pu\u00f2 essere acconciato con onde naturali per un look spensierato e senza sforzo.<\/p>\n\n\n\n<h4 class=\"wp-block-heading\"><strong>Perch\u00e9 \u00e8 popolare:<\/strong><\/h4>\n\n\n\n<ul class=\"wp-block-list\">\n<li>Aggiunge <strong>volume<\/strong> e <strong>movimento<\/strong> senza essere eccessivamente strutturati.<\/li>\n\n\n\n<li>Perfetto per <strong>capelli mossi o ricci<\/strong>.<\/li>\n\n\n\n<li>A <strong>scelta audace e di tendenza<\/strong> che fa una dichiarazione.<\/li>\n<\/ul>\n\n\n\n<h4 class=\"wp-block-heading\"><strong>Ispirazione delle celebrit\u00e0:<\/strong><\/h4>\n\n\n\n<ul class=\"wp-block-list\">\n<li><strong>Charlize Theron<\/strong> e <strong>Lily Collins<\/strong> hanno abbracciato lo shag per il suo <strong>atmosfera rock-chic<\/strong>.<\/li>\n<\/ul>\n\n\n\n<hr class=\"wp-block-separator has-alpha-channel-opacity\"\/>\n\n\n\n<h3 class=\"wp-block-heading\"><strong>Il taglio Pixie: Audace e femminile<\/strong><\/h3>\n\n\n\n<p>Il <strong>taglio pixie<\/strong> rimane uno dei pi\u00f9 <strong>acconciature corte iconiche<\/strong> in Europa, soprattutto in citt\u00e0 come <strong>Parigi<\/strong> e <strong>Berlino<\/strong>. Conosciuto per la sua <strong>fascino femminile e audace<\/strong>Il pixie cut \u00e8 un taglio di capelli che richiede sicurezza e amore per la semplicit\u00e0. \u00c8 particolarmente popolare in <strong>ambienti urbani<\/strong>dove le persone alla moda abbracciano il corto, <strong>look strutturato<\/strong>.<\/p>\n\n\n\n<h4 class=\"wp-block-heading\"><strong>Perch\u00e9 \u00e8 popolare:<\/strong><\/h4>\n\n\n\n<ul class=\"wp-block-list\">\n<li>\u00c8 un <strong>scelta coraggiosa<\/strong> per chi vuole allontanarsi dai tradizionali capelli lunghi.<\/li>\n\n\n\n<li>E' <strong>versatile<\/strong>-Pu\u00f2 essere acconciato in modo elegante, disordinato o strutturato.<\/li>\n\n\n\n<li>Funziona bene con <strong>capelli fini<\/strong> e pu\u00f2 dare l'illusione di un volume maggiore.<\/li>\n<\/ul>\n\n\n\n<h4 class=\"wp-block-heading\"><strong>Ispirazione delle celebrit\u00e0:<\/strong><\/h4>\n\n\n\n<ul class=\"wp-block-list\">\n<li><strong>Audrey Hepburn<\/strong> \u00e8 l'ispirazione classica per il taglio pixie, ma le star dei giorni nostri come <strong>Emma Watson<\/strong> l'hanno ridefinita con le loro varianti chic.<\/li>\n<\/ul>\n\n\n\n<hr class=\"wp-block-separator has-alpha-channel-opacity\"\/>\n\n\n\n<h3 class=\"wp-block-heading\"><strong>Strati lunghi: Glamour senza sforzo<\/strong><\/h3>\n\n\n\n<p>I tagli lunghi e stratificati sono ancora i preferiti in molti paesi europei, in particolare in <strong>Italia<\/strong> e <strong>Spagna<\/strong>, dove <strong>glamour senza sforzo<\/strong> \u00e8 fondamentale. Gli strati aggiungono volume, consistenza e movimento ai capelli lunghi, rendendoli una scelta obbligata per coloro che amano i capelli lunghi. <strong>look morbidi e romantici<\/strong>. Questo stile \u00e8 particolarmente adatto alle persone con <strong>capelli spessi<\/strong> o chi vuole qualcosa di pi\u00f9 <strong>volume e forma<\/strong> senza sacrificare la lunghezza.<\/p>\n\n\n\n<h4 class=\"wp-block-heading\"><strong>Perch\u00e9 \u00e8 popolare:<\/strong><\/h4>\n\n\n\n<ul class=\"wp-block-list\">\n<li><strong>Morbido, femminile<\/strong> e <strong>versatile<\/strong>.<\/li>\n\n\n\n<li>Funziona bene con <strong>onde naturali<\/strong> oppure possono essere acconciati in modo elegante per un look pi\u00f9 sofisticato.<\/li>\n\n\n\n<li><strong>Manutenzione minima<\/strong> ma senza sforzo chic.<\/li>\n<\/ul>\n\n\n\n<h4 class=\"wp-block-heading\"><strong>Ispirazione delle celebrit\u00e0:<\/strong><\/h4>\n\n\n\n<ul class=\"wp-block-list\">\n<li><strong>Gisele B\u00fcndchen<\/strong> e <strong>Blake Lively<\/strong> sono esempi perfetti di come acconciare gli strati lunghi in modo naturale e glamour.<\/li>\n<\/ul>\n\n\n\n<hr class=\"wp-block-separator has-alpha-channel-opacity\"\/>\n\n\n\n<h2 class=\"wp-block-heading\"><strong>2. I colori di capelli pi\u00f9 popolari in Europa<\/strong><\/h2>\n\n\n\n<h3 class=\"wp-block-heading\"><strong>Bionda: Il classico preferito dagli europei<\/strong><\/h3>\n\n\n\n<p>I capelli biondi rimangono una delle tonalit\u00e0 pi\u00f9 iconiche e ricercate in Europa, con vari tipi di <strong>sfumature di biondo<\/strong> particolarmente popolare in <strong>Scandinavia<\/strong>. Da <strong>platino ghiacciato<\/strong> a <strong>toni caldi e dorati<\/strong>La bionda continua ad essere una delle preferite da chi cerca una <strong>aspetto luminoso e giovanile<\/strong>.<\/p>\n\n\n\n<h4 class=\"wp-block-heading\"><strong>Perch\u00e9 \u00e8 popolare:<\/strong><\/h4>\n\n\n\n<ul class=\"wp-block-list\">\n<li><strong>Schiarisce l'incarnato<\/strong> e aggiunge luminosit\u00e0.<\/li>\n\n\n\n<li>Versatile: pu\u00f2 variare da <strong>punti di forza sottili<\/strong> a <strong>platino audace<\/strong>.<\/li>\n\n\n\n<li>Funziona bene su entrambi <strong>capelli corti e lunghi<\/strong>.<\/li>\n<\/ul>\n\n\n\n<h4 class=\"wp-block-heading\"><strong>Ispirazione delle celebrit\u00e0:<\/strong><\/h4>\n\n\n\n<ul class=\"wp-block-list\">\n<li><strong>Margot Robbie<\/strong> e <strong>Blake Lively<\/strong> spesso sfoggiano tinte bionde, mostrando come il biondo pu\u00f2 essere acconciato in <strong>modi multipli<\/strong>.<\/li>\n<\/ul>\n\n\n\n<hr class=\"wp-block-separator has-alpha-channel-opacity\"\/>\n\n\n\n<h3 class=\"wp-block-heading\"><strong>Bruna: Calore e ricchezza<\/strong><\/h3>\n\n\n\n<p>Ricco <strong>tonalit\u00e0 bruna<\/strong>dal cioccolato intenso al <strong>castagna<\/strong> e <strong>caramello<\/strong>sono amati in tutto il mondo <strong>Italia<\/strong> e <strong>Spagna<\/strong> per il loro <strong>calore<\/strong> e <strong>profondit\u00e0<\/strong>. I capelli bruni sono noti per la loro capacit\u00e0 di creare una <strong>look sofisticato e senza tempo<\/strong>e si abbina magnificamente sia con <strong>toni caldi e freddi<\/strong>.<\/p>\n\n\n\n<h4 class=\"wp-block-heading\"><strong>Perch\u00e9 \u00e8 popolare:<\/strong><\/h4>\n\n\n\n<ul class=\"wp-block-list\">\n<li><strong>Sofisticato ed elegante<\/strong>.<\/li>\n\n\n\n<li>Offre una dimensione naturale e <strong>brillare<\/strong>.<\/li>\n\n\n\n<li><strong>Tonalit\u00e0 luminose<\/strong> come il caramello e il miele aggiungono calore al viso.<\/li>\n<\/ul>\n\n\n\n<h4 class=\"wp-block-heading\"><strong>Ispirazione delle celebrit\u00e0:<\/strong><\/h4>\n\n\n\n<ul class=\"wp-block-list\">\n<li><strong>Jennifer Lopez<\/strong> e <strong>Kendall Jenner<\/strong> sono famose per i loro capelli bruni, luminosi e sani.<\/li>\n<\/ul>\n\n\n\n<hr class=\"wp-block-separator has-alpha-channel-opacity\"\/>\n\n\n\n<h3 class=\"wp-block-heading\"><strong>Rosso: audace e vibrante<\/strong><\/h3>\n\n\n\n<p>I capelli rossi sono una delle <strong>pi\u00f9 audace<\/strong> e la maggior parte <strong>colori di capelli audaci<\/strong> visto in tutta Europa. Da <strong>rame infuocato<\/strong> a <strong>castano intenso<\/strong>I capelli rossi vengono spesso accolti in <strong>Irlanda<\/strong>, <strong>Regno Unito<\/strong>, e <strong>Francia<\/strong>. Il rosso \u00e8 un <strong>colore che attira l'attenzione<\/strong>e questo lo rende la scelta migliore per chi vuole farsi notare.<\/p>\n\n\n\n<h4 class=\"wp-block-heading\"><strong>Perch\u00e9 \u00e8 popolare:<\/strong><\/h4>\n\n\n\n<ul class=\"wp-block-list\">\n<li><strong>Unico e accattivante<\/strong>.<\/li>\n\n\n\n<li>Aggiunge <strong>vivacit\u00e0<\/strong> e <strong>calore<\/strong> al vostro look complessivo.<\/li>\n\n\n\n<li><strong>Si adatta a diverse tonalit\u00e0 di pelle<\/strong>, in particolare per le carnagioni chiare e medie.<\/li>\n<\/ul>\n\n\n\n<h4 class=\"wp-block-heading\"><strong>Ispirazione delle celebrit\u00e0:<\/strong><\/h4>\n\n\n\n<ul class=\"wp-block-list\">\n<li><strong>Jessica Chastain<\/strong> e <strong>Emma Stone<\/strong> hanno fatto tendenza con le loro audaci ciocche rosse.<\/li>\n<\/ul>\n\n\n\n<hr class=\"wp-block-separator has-alpha-channel-opacity\"\/>\n\n\n\n<h3 class=\"wp-block-heading\"><strong>I colori pastello: Giocosi e di tendenza<\/strong><\/h3>\n\n\n\n<p>In citt\u00e0 come <strong>Londra<\/strong> e <strong>Berlino<\/strong>, colori pastello per capelli come <strong>lavanda<\/strong>, <strong>verde menta<\/strong>, e <strong>rosa baby<\/strong> sono diventati una tendenza popolare, soprattutto per chi ama sperimentare con i colori. Queste tonalit\u00e0 fanno parte di una tendenza pi\u00f9 <strong>sperimentale<\/strong> tendenza europea che abbraccia la creativit\u00e0 e la <strong>espressione individuale<\/strong>.<\/p>\n\n\n\n<h4 class=\"wp-block-heading\"><strong>Perch\u00e9 \u00e8 popolare:<\/strong><\/h4>\n\n\n\n<ul class=\"wp-block-list\">\n<li><strong>Divertente, giocoso e audace<\/strong>.<\/li>\n\n\n\n<li>Ideale per chi vuole provare qualcosa <strong>non convenzionale<\/strong>.<\/li>\n\n\n\n<li>Funziona bene su entrambi <strong>acconciature corte e lunghe<\/strong>.<\/li>\n<\/ul>\n\n\n\n<h4 class=\"wp-block-heading\"><strong>Ispirazione delle celebrit\u00e0:<\/strong><\/h4>\n\n\n\n<ul class=\"wp-block-list\">\n<li><strong>Billie Eilish<\/strong> e <strong>Kylie Jenner<\/strong> hanno abbracciato le tonalit\u00e0 pastello, dimostrando la versatilit\u00e0 di questa tendenza.<\/li>\n<\/ul>\n\n\n\n<hr class=\"wp-block-separator has-alpha-channel-opacity\"\/>\n\n\n\n<h2 class=\"wp-block-heading\"><strong>3. Gli stili di capelli pi\u00f9 popolari in Europa<\/strong><\/h2>\n\n\n\n<h3 class=\"wp-block-heading\"><strong>Onde naturali: Stile senza sforzo<\/strong><\/h3>\n\n\n\n<p>Le onde naturali sono estremamente popolari nei paesi europei con <strong>climi costieri<\/strong>, come <strong>Spagna<\/strong> e <strong>Portogallo<\/strong>dove il look rilassato e da spiaggia \u00e8 uno stile di vita. <strong>Onde della spiaggia<\/strong> dare ai capelli uno sforzo senza sforzo, <strong>aspetto strutturato<\/strong>e sono ideali sia per <strong>capelli lunghi e di media lunghezza<\/strong>.<\/p>\n\n\n\n<h4 class=\"wp-block-heading\"><strong>Perch\u00e9 \u00e8 popolare:<\/strong><\/h4>\n\n\n\n<ul class=\"wp-block-list\">\n<li>Crea un <strong>look chic e senza sforzo<\/strong>.<\/li>\n\n\n\n<li>Perfetto per chi ha <strong>texture naturale<\/strong>.<\/li>\n\n\n\n<li><strong>Manutenzione minima<\/strong> e facile da acconciare.<\/li>\n<\/ul>\n\n\n\n<h4 class=\"wp-block-heading\"><strong>Ispirazione delle celebrit\u00e0:<\/strong><\/h4>\n\n\n\n<ul class=\"wp-block-list\">\n<li><strong>Gisele B\u00fcndchen<\/strong> e <strong>Bella Hadid<\/strong> sono spesso visti dondolare il <strong>onda da spiaggia<\/strong> sguardo.<\/li>\n<\/ul>\n\n\n\n<hr class=\"wp-block-separator has-alpha-channel-opacity\"\/>\n\n\n\n<h3 class=\"wp-block-heading\"><strong>Liscio e dritto: Il look europeo senza tempo<\/strong><\/h3>\n\n\n\n<p>I capelli lisci e lucidi sono il <strong>stile classico europeo<\/strong> che non passa mai di moda. Questo look, popolare in <strong>Francia<\/strong> e <strong>Italia<\/strong>si tratta di <strong>alta lucentezza<\/strong> e <strong>raffinatezza lucida<\/strong>. Un look minimalista che mette in risalto <strong>capelli sani e lucenti<\/strong>.<\/p>\n\n\n\n<h4 class=\"wp-block-heading\"><strong>Perch\u00e9 \u00e8 popolare:<\/strong><\/h4>\n\n\n\n<ul class=\"wp-block-list\">\n<li><strong>Senza tempo, pulito ed elegante<\/strong>.<\/li>\n\n\n\n<li>Perfetto per eventi formali o per l'uso quotidiano.<\/li>\n\n\n\n<li>Funziona bene per <strong>tutti i tipi di capelli<\/strong>.<\/li>\n<\/ul>\n\n\n\n<h4 class=\"wp-block-heading\"><strong>Ispirazione delle celebrit\u00e0:<\/strong><\/h4>\n\n\n\n<ul class=\"wp-block-list\">\n<li><strong>Victoria Beckham<\/strong> e <strong>Kim Kardashian<\/strong> hanno reso i capelli lisci e morbidi un look inconfondibile.<\/li>\n<\/ul>\n\n\n\n<hr class=\"wp-block-separator has-alpha-channel-opacity\"\/>\n\n\n\n<h2 class=\"wp-block-heading\"><strong>Conclusione: Tendenze dei capelli in Europa: diversit\u00e0 e innovazione<\/strong><\/h2>\n\n\n\n<p>Le tendenze dei capelli in Europa sono incredibilmente diverse e riflettono il ricco panorama culturale del continente e la costante evoluzione degli standard di bellezza. Che preferiate <strong>bob classici<\/strong> o <strong>audaci tonalit\u00e0 pastello<\/strong>La scena europea dei capelli offre qualcosa per tutti. Da <strong>brune lussuose<\/strong> a <strong>rossi vivaci<\/strong> e il <strong>bob francese senza sforzo<\/strong>Questi stili dimostrano che la bellezza europea \u00e8 tutta una questione di <strong>espressione di s\u00e9<\/strong>, <strong>fiducia<\/strong>e un tocco di <strong>estro individuale<\/strong>.<\/p>\n\n\n\n<p>Per l'ispirazione sul <strong>tagli di capelli all'avanguardia<\/strong>, <strong>colori<\/strong>, e <strong>stili<\/strong> in tutta Europa, rimanete sintonizzati su <strong><a href=\"https:\/\/euro.artereciclada.com.br\/it\/\">Euro Art<\/a><\/strong> o contattateci all'indirizzo <strong><a href=\"mailto:contact@setorreciclagem.com.br\">contact@setorreciclagem.com.br<\/a><\/strong>!<\/p>","protected":false},"excerpt":{"rendered":"<p>Europe is home to some of the most diverse and innovative hair trends, with each country contributing its own unique touch to the ever-evolving world of hair fashion. From chic Parisian cuts to the bold and playful styles seen in London and Milan, European women and men continue to lead the way when it comes [&hellip;]<\/p>","protected":false},"author":5,"featured_media":110,"comment_status":"open","ping_status":"open","sticky":false,"template":"","format":"standard","meta":{"footnotes":""},"categories":[6],"tags":[],"class_list":["post-85","post","type-post","status-publish","format-standard","has-post-thumbnail","hentry","category-beauty-care"],"blocksy_meta":[],"_links":{"self":[{"href":"https:\/\/euro.artereciclada.com.br\/it\/wp-json\/wp\/v2\/posts\/85","targetHints":{"allow":["GET"]}}],"collection":[{"href":"https:\/\/euro.artereciclada.com.br\/it\/wp-json\/wp\/v2\/posts"}],"about":[{"href":"https:\/\/euro.artereciclada.com.br\/it\/wp-json\/wp\/v2\/types\/post"}],"author":[{"embeddable":true,"href":"https:\/\/euro.artereciclada.com.br\/it\/wp-json\/wp\/v2\/users\/5"}],"replies":[{"embeddable":true,"href":"https:\/\/euro.artereciclada.com.br\/it\/wp-json\/wp\/v2\/comments?post=85"}],"version-history":[{"count":1,"href":"https:\/\/euro.artereciclada.com.br\/it\/wp-json\/wp\/v2\/posts\/85\/revisions"}],"predecessor-version":[{"id":86,"href":"https:\/\/euro.artereciclada.com.br\/it\/wp-json\/wp\/v2\/posts\/85\/revisions\/86"}],"wp:featuredmedia":[{"embeddable":true,"href":"https:\/\/euro.artereciclada.com.br\/it\/wp-json\/wp\/v2\/media\/110"}],"wp:attachment":[{"href":"https:\/\/euro.artereciclada.com.br\/it\/wp-json\/wp\/v2\/media?parent=85"}],"wp:term":[{"taxonomy":"category","embeddable":true,"href":"https:\/\/euro.artereciclada.com.br\/it\/wp-json\/wp\/v2\/categories?post=85"},{"taxonomy":"post_tag","embeddable":true,"href":"https:\/\/euro.artereciclada.com.br\/it\/wp-json\/wp\/v2\/tags?post=85"}],"curies":[{"name":"wp","href":"https:\/\/api.w.org\/{rel}","templated":true}]}}